{"id":15349,"date":"2017-11-23T13:44:40","date_gmt":"2017-11-23T13:44:40","guid":{"rendered":"https:\/\/armstrongyregion.com.ar\/diario\/?p=15349"},"modified":"2017-11-23T13:44:40","modified_gmt":"2017-11-23T13:44:40","slug":"si-trabajamos-pensando-en-el-futuro-la-educacion-debe-ser-una-prioridad","status":"publish","type":"post","link":"https:\/\/armstrongyregion.com.ar\/diario\/si-trabajamos-pensando-en-el-futuro-la-educacion-debe-ser-una-prioridad\/","title":{"rendered":"\u201cSi trabajamos pensando en el futuro, la educaci\u00f3n debe ser una prioridad\u201d"},"content":{"rendered":"<p><a href=\"http:\/\/armstrongyregion.com.ar\/diario\/wp-content\/uploads\/2017\/11\/Rasetto-Mantuvo-una-Reuni\u00f3n-con-la-Ministra-de-Educaci\u00f3n-de-Santa-Fe.jpg\"><img loading=\"lazy\" decoding=\"async\" src=\"http:\/\/armstrongyregion.com.ar\/diario\/wp-content\/uploads\/2017\/11\/Rasetto-Mantuvo-una-Reuni\u00f3n-con-la-Ministra-de-Educaci\u00f3n-de-Santa-Fe.jpg\" alt=\"Rasetto Mantuvo una Reuni\u00f3n con la Ministra de Educaci\u00f3n de Santa Fe\" width=\"768\" height=\"432\" class=\"alignnone size-full wp-image-15350\" srcset=\"https:\/\/armstrongyregion.com.ar\/diario\/wp-content\/uploads\/2017\/11\/Rasetto-Mantuvo-una-Reuni\u00f3n-con-la-Ministra-de-Educaci\u00f3n-de-Santa-Fe.jpg 768w, https:\/\/armstrongyregion.com.ar\/diario\/wp-content\/uploads\/2017\/11\/Rasetto-Mantuvo-una-Reuni\u00f3n-con-la-Ministra-de-Educaci\u00f3n-de-Santa-Fe-300x169.jpg 300w\" sizes=\"auto, (max-width: 768px) 100vw, 768px\" \/><\/a>El senador Rasetto mantuvo una reuni\u00f3n con la ministra de Educaci\u00f3n Claudia Balagu\u00e9, como parte de las gestiones para crear la sala de 3 a\u00f1os en el Jard\u00edn Oro Blanco de Totoras. Adem\u00e1s, abordaron los proyectos de establecimientos educativos en Salto Grande y la zona norte de Ca\u00f1ada de G\u00f3mez.<\/p>\n<p>El legislador provincial record\u00f3 que el encuentro fue solicitado por concejales de la ciudad de Totoras, quienes tambi\u00e9n participaron de la reuni\u00f3n, donde el principal tema tratado fue la creaci\u00f3n de la sala de 3 a\u00f1os en el Jard\u00edn de Infantes N\u00b0 135 \u00abOro Blanco\u00bb de la localidad.<\/p>\n<p>\u201cDesde el Ministerio de Educaci\u00f3n y su delegaci\u00f3n de la Regi\u00f3n V ya se realizaron las solicitudes y los relevamientos pertinentes, tanto para la sala de 3 a\u00f1os en el Jard\u00edn Oro Blanco, como para el proyecto de creaci\u00f3n de un Jard\u00edn Nucleado en Salto Grande. En ambos casos, su concreci\u00f3n depender\u00e1 de la situaci\u00f3n presupuestaria y la posibilidad de obtener los recursos necesarios, para lo cual seguiremos trabajando intensamente\u201d, remarc\u00f3 el senador del departamento Iriondo.<\/p>\n<p>\u201cAprovechando este nuevo encuentro con la ministra Balagu\u00e9, repasamos las gestiones para la construcci\u00f3n de una escuela secundaria y el edificio del Jard\u00edn \u201cBarrilete de Colores\u201d en la zona norte de Ca\u00f1ada de G\u00f3mez. Ambos proyectos fueron presentados ante el Gobierno Nacional, y aguardamos su aprobaci\u00f3n para que las obras se liciten en 2018\u201d.<\/p>\n<p>Por \u00faltimo, Rasetto expres\u00f3 que desde la Senadur\u00eda existe un compromiso avanzado para la compra de un terreno destinado a la Escuela Primaria N\u00b0 243 \u201cJuan B. Alberdi\u201d de la ciudad de Totoras. \u201cSi trabajamos pensando en el futuro de nuestras comunidades la educaci\u00f3n deber ser una prioridad, y estamos abocados a cumplir esta premisa con el mayor esfuerzo posible\u201d, concluy\u00f3 el senador.<\/p>\n","protected":false},"excerpt":{"rendered":"<p>El senador Rasetto mantuvo una reuni\u00f3n con la ministra de Educaci\u00f3n Claudia Balagu\u00e9, como parte de las gestiones para crear la sala de 3 a\u00f1os en el Jard\u00edn Oro Blanco de Totoras. Adem\u00e1s, abordaron los proyectos de establecimientos educativos en Salto Grande y la zona norte de Ca\u00f1ada de G\u00f3mez. El legislador provincial record\u00f3 que <a href=\"https:\/\/armstrongyregion.com.ar\/diario\/si-trabajamos-pensando-en-el-futuro-la-educacion-debe-ser-una-prioridad\/\" title=\"Read more\" >&#8230;<\/a><\/p>\n","protected":false},"author":1,"featured_media":15350,"comment_status":"open","ping_status":"open","sticky":false,"template":"","format":"standard","meta":{"_jetpack_memberships_contains_paid_content":false,"footnotes":"","jetpack_publicize_message":"","jetpack_publicize_feature_enabled":true,"jetpack_social_post_already_shared":false,"jetpack_social_options":{"image_generator_settings":{"template":"highway","default_image_id":0,"enabled":false},"version":2}},"categories":[6,8,1,3],"tags":[6155,6156],"class_list":["post-15349","post","type-post","status-publish","format-standard","has-post-thumbnail","hentry","category-cultura-entretenimiento","category-deliberando","category-diario-armstrong","category-region","tag-si-trabajamos-pensando-en-el-futuro","tag-la-educacion-debe-ser-una-prioridad"],"jetpack_publicize_connections":[],"jetpack_featured_media_url":"https:\/\/armstrongyregion.com.ar\/diario\/wp-content\/uploads\/2017\/11\/Rasetto-Mantuvo-una-Reuni\u00f3n-con-la-Ministra-de-Educaci\u00f3n-de-Santa-Fe.jpg","jetpack_shortlink":"https:\/\/wp.me\/p62QDO-3Zz","jetpack_sharing_enabled":true,"amp_enabled":true,"_links":{"self":[{"href":"https:\/\/armstrongyregion.com.ar\/diario\/wp-json\/wp\/v2\/posts\/15349","targetHints":{"allow":["GET"]}}],"collection":[{"href":"https:\/\/armstrongyregion.com.ar\/diario\/wp-json\/wp\/v2\/posts"}],"about":[{"href":"https:\/\/armstrongyregion.com.ar\/diario\/wp-json\/wp\/v2\/types\/post"}],"author":[{"embeddable":true,"href":"https:\/\/armstrongyregion.com.ar\/diario\/wp-json\/wp\/v2\/users\/1"}],"replies":[{"embeddable":true,"href":"https:\/\/armstrongyregion.com.ar\/diario\/wp-json\/wp\/v2\/comments?post=15349"}],"version-history":[{"count":0,"href":"https:\/\/armstrongyregion.com.ar\/diario\/wp-json\/wp\/v2\/posts\/15349\/revisions"}],"wp:featuredmedia":[{"embeddable":true,"href":"https:\/\/armstrongyregion.com.ar\/diario\/wp-json\/wp\/v2\/media\/15350"}],"wp:attachment":[{"href":"https:\/\/armstrongyregion.com.ar\/diario\/wp-json\/wp\/v2\/media?parent=15349"}],"wp:term":[{"taxonomy":"category","embeddable":true,"href":"https:\/\/armstrongyregion.com.ar\/diario\/wp-json\/wp\/v2\/categories?post=15349"},{"taxonomy":"post_tag","embeddable":true,"href":"https:\/\/armstrongyregion.com.ar\/diario\/wp-json\/wp\/v2\/tags?post=15349"}],"curies":[{"name":"wp","href":"https:\/\/api.w.org\/{rel}","templated":true}]}}