{"id":15343,"date":"2017-11-22T11:59:15","date_gmt":"2017-11-22T11:59:15","guid":{"rendered":"https:\/\/armstrongyregion.com.ar\/diario\/?p=15343"},"modified":"2017-11-22T11:59:15","modified_gmt":"2017-11-22T11:59:15","slug":"ultima-feria-mensual-del-ano-a-toda-musica-y-color","status":"publish","type":"post","link":"https:\/\/armstrongyregion.com.ar\/diario\/ultima-feria-mensual-del-ano-a-toda-musica-y-color\/","title":{"rendered":"Ultima Feria mensual del a\u00f1o a toda m\u00fasica y color."},"content":{"rendered":"<p><a href=\"http:\/\/armstrongyregion.com.ar\/diario\/wp-content\/uploads\/2017\/11\/FERIA-NOVIEMBRE-2017.jpg\"><img loading=\"lazy\" decoding=\"async\" src=\"http:\/\/armstrongyregion.com.ar\/diario\/wp-content\/uploads\/2017\/11\/FERIA-NOVIEMBRE-2017-1024x718.jpg\" alt=\"FERIA NOVIEMBRE 2017\" width=\"800\" height=\"561\" class=\"alignnone size-large wp-image-15344\" srcset=\"https:\/\/armstrongyregion.com.ar\/diario\/wp-content\/uploads\/2017\/11\/FERIA-NOVIEMBRE-2017-1024x718.jpg 1024w, https:\/\/armstrongyregion.com.ar\/diario\/wp-content\/uploads\/2017\/11\/FERIA-NOVIEMBRE-2017-300x210.jpg 300w, https:\/\/armstrongyregion.com.ar\/diario\/wp-content\/uploads\/2017\/11\/FERIA-NOVIEMBRE-2017.jpg 1614w\" sizes=\"auto, (max-width: 800px) 100vw, 800px\" \/><\/a>La Municipalidad de Armstrong invita a participar de la \u00faltima feria mensual de este a\u00f1o de Sabores y Colores Locales que se realizar\u00e1 el domingo 26 de noviembre a partir de las 16:30 hs. en el parque Bracito Fuerte.<br \/>\nComo sucedi\u00f3 a lo largo del a\u00f1o, m\u00e1s de 40 emprendedores de la ciudad y la regi\u00f3n se dar\u00e1n cita para ofrecer al p\u00fablico una gran variedad de productos elaborados artesanalmente. \u00c9sta ser\u00e1 la \u00faltima feria en el predio ya que a\u00fan les resta una presentaci\u00f3n m\u00e1s en la fiesta Armstrong Tierra M\u00eda.<br \/>\nEn ambos casos se podr\u00e1n elegir los regalos para las pr\u00f3ximas fiestas de Navidad, A\u00f1o Nuevo y Reyes.<br \/>\nEl domingo 26 se presentar\u00e1 el taller de cumbia cruzada y habr\u00e1 un gran cierre con Sergio Mor\u00e1n para cantar y bailar.<\/p>\n<p>Se ofrecer\u00e1 servicio de buffet y el evento se suspende en caso de lluvia.<\/p>\n","protected":false},"excerpt":{"rendered":"<p>La Municipalidad de Armstrong invita a participar de la \u00faltima feria mensual de este a\u00f1o de Sabores y Colores Locales que se realizar\u00e1 el domingo 26 de noviembre a partir de las 16:30 hs. en el parque Bracito Fuerte. Como sucedi\u00f3 a lo largo del a\u00f1o, m\u00e1s de 40 emprendedores de la ciudad y la <a href=\"https:\/\/armstrongyregion.com.ar\/diario\/ultima-feria-mensual-del-ano-a-toda-musica-y-color\/\" title=\"Read more\" >&#8230;<\/a><\/p>\n","protected":false},"author":1,"featured_media":15344,"comment_status":"open","ping_status":"open","sticky":false,"template":"","format":"standard","meta":{"_jetpack_memberships_contains_paid_content":false,"footnotes":"","jetpack_publicize_message":"","jetpack_publicize_feature_enabled":true,"jetpack_social_post_already_shared":false,"jetpack_social_options":{"image_generator_settings":{"template":"highway","default_image_id":0,"enabled":false},"version":2}},"categories":[6,1,2,3],"tags":[6154],"class_list":["post-15343","post","type-post","status-publish","format-standard","has-post-thumbnail","hentry","category-cultura-entretenimiento","category-diario-armstrong","category-locales","category-region","tag-ultima-feria-mensual-del-ano-a-toda-musica-y-color"],"jetpack_publicize_connections":[],"jetpack_featured_media_url":"https:\/\/armstrongyregion.com.ar\/diario\/wp-content\/uploads\/2017\/11\/FERIA-NOVIEMBRE-2017.jpg","jetpack_shortlink":"https:\/\/wp.me\/p62QDO-3Zt","jetpack_sharing_enabled":true,"amp_enabled":true,"_links":{"self":[{"href":"https:\/\/armstrongyregion.com.ar\/diario\/wp-json\/wp\/v2\/posts\/15343","targetHints":{"allow":["GET"]}}],"collection":[{"href":"https:\/\/armstrongyregion.com.ar\/diario\/wp-json\/wp\/v2\/posts"}],"about":[{"href":"https:\/\/armstrongyregion.com.ar\/diario\/wp-json\/wp\/v2\/types\/post"}],"author":[{"embeddable":true,"href":"https:\/\/armstrongyregion.com.ar\/diario\/wp-json\/wp\/v2\/users\/1"}],"replies":[{"embeddable":true,"href":"https:\/\/armstrongyregion.com.ar\/diario\/wp-json\/wp\/v2\/comments?post=15343"}],"version-history":[{"count":0,"href":"https:\/\/armstrongyregion.com.ar\/diario\/wp-json\/wp\/v2\/posts\/15343\/revisions"}],"wp:featuredmedia":[{"embeddable":true,"href":"https:\/\/armstrongyregion.com.ar\/diario\/wp-json\/wp\/v2\/media\/15344"}],"wp:attachment":[{"href":"https:\/\/armstrongyregion.com.ar\/diario\/wp-json\/wp\/v2\/media?parent=15343"}],"wp:term":[{"taxonomy":"category","embeddable":true,"href":"https:\/\/armstrongyregion.com.ar\/diario\/wp-json\/wp\/v2\/categories?post=15343"},{"taxonomy":"post_tag","embeddable":true,"href":"https:\/\/armstrongyregion.com.ar\/diario\/wp-json\/wp\/v2\/tags?post=15343"}],"curies":[{"name":"wp","href":"https:\/\/api.w.org\/{rel}","templated":true}]}}