{"id":15334,"date":"2017-11-21T15:28:52","date_gmt":"2017-11-21T15:28:52","guid":{"rendered":"https:\/\/armstrongyregion.com.ar\/diario\/?p=15334"},"modified":"2017-11-21T15:28:52","modified_gmt":"2017-11-21T15:28:52","slug":"las-parejas-el-ateneo-cultural-desarrollara-un-taller-de-alfareria-mocovi","status":"publish","type":"post","link":"https:\/\/armstrongyregion.com.ar\/diario\/las-parejas-el-ateneo-cultural-desarrollara-un-taller-de-alfareria-mocovi\/","title":{"rendered":"Las Parejas. El Ateneo Cultural desarrollara un Taller de Alfarer\u00eda Mocov\u00ed."},"content":{"rendered":"<p><a href=\"http:\/\/armstrongyregion.com.ar\/diario\/wp-content\/uploads\/2017\/11\/lanche-n\u00e9stor-artesano-mocov\u00ed.jpg\"><img loading=\"lazy\" decoding=\"async\" src=\"http:\/\/armstrongyregion.com.ar\/diario\/wp-content\/uploads\/2017\/11\/lanche-n\u00e9stor-artesano-mocov\u00ed.jpg\" alt=\"lanche n\u00e9stor artesano mocov\u00ed\" width=\"768\" height=\"563\" class=\"alignnone size-full wp-image-15335\" srcset=\"https:\/\/armstrongyregion.com.ar\/diario\/wp-content\/uploads\/2017\/11\/lanche-n\u00e9stor-artesano-mocov\u00ed.jpg 768w, https:\/\/armstrongyregion.com.ar\/diario\/wp-content\/uploads\/2017\/11\/lanche-n\u00e9stor-artesano-mocov\u00ed-300x220.jpg 300w\" sizes=\"auto, (max-width: 768px) 100vw, 768px\" \/><\/a>El pr\u00f3ximo martes 21 a partir de las 14hs en Las Parejas, y en instalaciones del espacio \u00abALAS\u00bb (Calle 20 N\u00b0 1269) se presentar\u00e1 bajo la organizaci\u00f3n del Ateneo Cultural \u00abEdr\u00e1n Cortes\u00bb, al ARTESANO MOCOV\u00cd N\u00c9STOR LANCHE.<br \/>\nCon auspicio de la diputada provincial Claudia Giaccone, el pl\u00e1stico oriundo de San Javier (departamento San Javier) brindar\u00e1 una Charla\/Taller denominada: \u201cCosmovisi\u00f3n ind\u00edgena. Alfarer\u00eda ind\u00edgena pre Paucke \u2013 pos Paucke\u201d.<br \/>\nN\u00e9stor Lanche: tiene una vasta trayectoria regional, nacional e internacional; participando en eventos; dictando cursos y talleres; obteniendo menciones, premios, becas y variadas distinciones. Adem\u00e1s sus obras han recorrido el mundo, llegando a Jap\u00f3n, China, Rusia, Europa, Am\u00e9rica Latina, Canad\u00e1, Isla de Pascua, entre otros. Se han entregado numerosas obras a distinguidas personalidades nacionales e internacionales.<br \/>\nSu participaci\u00f3n internacional se reconoce por su presencia en exposiciones Internacionales en las ciudades de Friedewald, Alemania; Scheten, B\u00e9lgica; Breda, Holanda; Confolens, Francia; Friburgo, Suiza; La Valeta y Gozo, Isla de Malta. Estos viajes fueron realizados en el a\u00f1o 1989, gracias a una beca otorgada por la UNESCO. Visit\u00f3 Caracas, Venezuela en su viaje realizado en 1995, becado por la OEA.<br \/>\nLa Alfarer\u00eda Mocov\u00ed que realiza N\u00e9stor requiere s\u00f3lo de su habilidad, dedicaci\u00f3n y tiempo. La materia prima es arcilla proveniente de la ribera del r\u00edo San Javier, que luego de un proceso de limpieza y decantaci\u00f3n, comienza el amasado y moldeado de la pieza. La cocci\u00f3n se lleva a cabo en horno de ladrillo fabricado por N\u00e9stor, en el cual la temperatura asciende a 900 \u00baC luego de 8 horas de fuego intenso. En este proceso de horneado las piezas de barro crudo, se transforman a un rojo incandescente, luego negro y finamente se obtiene el color \u201cnaranja\u201d caracter\u00edstico de las piezas.<\/p>\n","protected":false},"excerpt":{"rendered":"<p>El pr\u00f3ximo martes 21 a partir de las 14hs en Las Parejas, y en instalaciones del espacio \u00abALAS\u00bb (Calle 20 N\u00b0 1269) se presentar\u00e1 bajo la organizaci\u00f3n del Ateneo Cultural \u00abEdr\u00e1n Cortes\u00bb, al ARTESANO MOCOV\u00cd N\u00c9STOR LANCHE. Con auspicio de la diputada provincial Claudia Giaccone, el pl\u00e1stico oriundo de San Javier (departamento San Javier) brindar\u00e1 <a href=\"https:\/\/armstrongyregion.com.ar\/diario\/las-parejas-el-ateneo-cultural-desarrollara-un-taller-de-alfareria-mocovi\/\" title=\"Read more\" >&#8230;<\/a><\/p>\n","protected":false},"author":1,"featured_media":15335,"comment_status":"open","ping_status":"open","sticky":false,"template":"","format":"standard","meta":{"_jetpack_memberships_contains_paid_content":false,"footnotes":"","jetpack_publicize_message":"","jetpack_publicize_feature_enabled":true,"jetpack_social_post_already_shared":false,"jetpack_social_options":{"image_generator_settings":{"template":"highway","default_image_id":0,"enabled":false},"version":2}},"categories":[6,1,7,3],"tags":[6151],"class_list":["post-15334","post","type-post","status-publish","format-standard","has-post-thumbnail","hentry","category-cultura-entretenimiento","category-diario-armstrong","category-politica","category-region","tag-las-parejas-el-ateneo-cultural-desarrollara-un-taller-de-alfareria-mocovi"],"jetpack_publicize_connections":[],"jetpack_featured_media_url":"https:\/\/armstrongyregion.com.ar\/diario\/wp-content\/uploads\/2017\/11\/lanche-n\u00e9stor-artesano-mocov\u00ed.jpg","jetpack_shortlink":"https:\/\/wp.me\/p62QDO-3Zk","jetpack_sharing_enabled":true,"amp_enabled":true,"_links":{"self":[{"href":"https:\/\/armstrongyregion.com.ar\/diario\/wp-json\/wp\/v2\/posts\/15334","targetHints":{"allow":["GET"]}}],"collection":[{"href":"https:\/\/armstrongyregion.com.ar\/diario\/wp-json\/wp\/v2\/posts"}],"about":[{"href":"https:\/\/armstrongyregion.com.ar\/diario\/wp-json\/wp\/v2\/types\/post"}],"author":[{"embeddable":true,"href":"https:\/\/armstrongyregion.com.ar\/diario\/wp-json\/wp\/v2\/users\/1"}],"replies":[{"embeddable":true,"href":"https:\/\/armstrongyregion.com.ar\/diario\/wp-json\/wp\/v2\/comments?post=15334"}],"version-history":[{"count":0,"href":"https:\/\/armstrongyregion.com.ar\/diario\/wp-json\/wp\/v2\/posts\/15334\/revisions"}],"wp:featuredmedia":[{"embeddable":true,"href":"https:\/\/armstrongyregion.com.ar\/diario\/wp-json\/wp\/v2\/media\/15335"}],"wp:attachment":[{"href":"https:\/\/armstrongyregion.com.ar\/diario\/wp-json\/wp\/v2\/media?parent=15334"}],"wp:term":[{"taxonomy":"category","embeddable":true,"href":"https:\/\/armstrongyregion.com.ar\/diario\/wp-json\/wp\/v2\/categories?post=15334"},{"taxonomy":"post_tag","embeddable":true,"href":"https:\/\/armstrongyregion.com.ar\/diario\/wp-json\/wp\/v2\/tags?post=15334"}],"curies":[{"name":"wp","href":"https:\/\/api.w.org\/{rel}","templated":true}]}}