{"id":15327,"date":"2017-11-21T02:49:54","date_gmt":"2017-11-21T02:49:54","guid":{"rendered":"https:\/\/armstrongyregion.com.ar\/diario\/?p=15327"},"modified":"2017-11-21T02:49:54","modified_gmt":"2017-11-21T02:49:54","slug":"deliberando-hoy-proyecto-si-a-la-vida-y-parlamento-del-mercosur","status":"publish","type":"post","link":"https:\/\/armstrongyregion.com.ar\/diario\/deliberando-hoy-proyecto-si-a-la-vida-y-parlamento-del-mercosur\/","title":{"rendered":"DELIBERANDO: Hoy Proyecto \u201cSi a la Vida\u201d y Parlamento del Mercosur."},"content":{"rendered":"<p><a href=\"http:\/\/armstrongyregion.com.ar\/diario\/wp-content\/uploads\/2017\/11\/Ruben-Montapponi-.jpg\"><img loading=\"lazy\" decoding=\"async\" src=\"http:\/\/armstrongyregion.com.ar\/diario\/wp-content\/uploads\/2017\/11\/Ruben-Montapponi-.jpg\" alt=\"Ruben-Montapponi-\" width=\"768\" height=\"576\" class=\"alignnone size-full wp-image-15328\" srcset=\"https:\/\/armstrongyregion.com.ar\/diario\/wp-content\/uploads\/2017\/11\/Ruben-Montapponi-.jpg 768w, https:\/\/armstrongyregion.com.ar\/diario\/wp-content\/uploads\/2017\/11\/Ruben-Montapponi--300x225.jpg 300w\" sizes=\"auto, (max-width: 768px) 100vw, 768px\" \/><\/a>Hoy en Deliberando, contaremos con la presencia de un Referente Justicialista, C.P.N. Rub\u00e9n Montapponi, quien desde hace unos a\u00f1os se sum\u00f3 al Proyecto \u201cSi a la Vida\u201d el cual incluye talleres de Prevenci\u00f3n de Adicciones, el mismo culmin\u00f3 un arduo a\u00f1o de trabajo este 2017 y se realiz\u00f3 la entrega de certificados.<br \/>\n<a href=\"http:\/\/armstrongyregion.com.ar\/diario\/wp-content\/uploads\/2017\/11\/Diego-Mansilla-.jpg\"><img loading=\"lazy\" decoding=\"async\" src=\"http:\/\/armstrongyregion.com.ar\/diario\/wp-content\/uploads\/2017\/11\/Diego-Mansilla-.jpg\" alt=\"Diego-Mansilla-\" width=\"768\" height=\"576\" class=\"alignnone size-full wp-image-15329\" srcset=\"https:\/\/armstrongyregion.com.ar\/diario\/wp-content\/uploads\/2017\/11\/Diego-Mansilla-.jpg 768w, https:\/\/armstrongyregion.com.ar\/diario\/wp-content\/uploads\/2017\/11\/Diego-Mansilla--300x225.jpg 300w\" sizes=\"auto, (max-width: 768px) 100vw, 768px\" \/><\/a>Luego contamos con la presencia del Parlamentario del Mercosur Dr. Diego Mansilla, quien hablo sobre el funcionamiento del Parlasur, proyectos a futuro y nos brindara  una lectura sobre las \u00faltimas elecciones realizadas el pasado 22 de octubre tanto a nivel nacional, como provincial.<br \/>\nTodo esto este martes en DELIBERANDO, con la conducci\u00f3n de la licenciada Graciela de la Casa- Ezequiel Piccoli- Oscar Crispino a las 21hs por Cable Imagen Armstrong.<\/p>\n","protected":false},"excerpt":{"rendered":"<p>Hoy en Deliberando, contaremos con la presencia de un Referente Justicialista, C.P.N. Rub\u00e9n Montapponi, quien desde hace unos a\u00f1os se sum\u00f3 al Proyecto \u201cSi a la Vida\u201d el cual incluye talleres de Prevenci\u00f3n de Adicciones, el mismo culmin\u00f3 un arduo a\u00f1o de trabajo este 2017 y se realiz\u00f3 la entrega de certificados. Luego contamos con <a href=\"https:\/\/armstrongyregion.com.ar\/diario\/deliberando-hoy-proyecto-si-a-la-vida-y-parlamento-del-mercosur\/\" title=\"Read more\" >&#8230;<\/a><\/p>\n","protected":false},"author":1,"featured_media":15328,"comment_status":"open","ping_status":"open","sticky":false,"template":"","format":"standard","meta":{"_jetpack_memberships_contains_paid_content":false,"footnotes":"","jetpack_publicize_message":"","jetpack_publicize_feature_enabled":true,"jetpack_social_post_already_shared":false,"jetpack_social_options":{"image_generator_settings":{"template":"highway","default_image_id":0,"enabled":false},"version":2}},"categories":[8,1,2,7,3],"tags":[6149],"class_list":["post-15327","post","type-post","status-publish","format-standard","has-post-thumbnail","hentry","category-deliberando","category-diario-armstrong","category-locales","category-politica","category-region","tag-deliberando-hoy-proyecto-si-a-la-vida-y-parlamento-del-mercosur"],"jetpack_publicize_connections":[],"jetpack_featured_media_url":"https:\/\/armstrongyregion.com.ar\/diario\/wp-content\/uploads\/2017\/11\/Ruben-Montapponi-.jpg","jetpack_shortlink":"https:\/\/wp.me\/p62QDO-3Zd","jetpack_sharing_enabled":true,"amp_enabled":true,"_links":{"self":[{"href":"https:\/\/armstrongyregion.com.ar\/diario\/wp-json\/wp\/v2\/posts\/15327","targetHints":{"allow":["GET"]}}],"collection":[{"href":"https:\/\/armstrongyregion.com.ar\/diario\/wp-json\/wp\/v2\/posts"}],"about":[{"href":"https:\/\/armstrongyregion.com.ar\/diario\/wp-json\/wp\/v2\/types\/post"}],"author":[{"embeddable":true,"href":"https:\/\/armstrongyregion.com.ar\/diario\/wp-json\/wp\/v2\/users\/1"}],"replies":[{"embeddable":true,"href":"https:\/\/armstrongyregion.com.ar\/diario\/wp-json\/wp\/v2\/comments?post=15327"}],"version-history":[{"count":0,"href":"https:\/\/armstrongyregion.com.ar\/diario\/wp-json\/wp\/v2\/posts\/15327\/revisions"}],"wp:featuredmedia":[{"embeddable":true,"href":"https:\/\/armstrongyregion.com.ar\/diario\/wp-json\/wp\/v2\/media\/15328"}],"wp:attachment":[{"href":"https:\/\/armstrongyregion.com.ar\/diario\/wp-json\/wp\/v2\/media?parent=15327"}],"wp:term":[{"taxonomy":"category","embeddable":true,"href":"https:\/\/armstrongyregion.com.ar\/diario\/wp-json\/wp\/v2\/categories?post=15327"},{"taxonomy":"post_tag","embeddable":true,"href":"https:\/\/armstrongyregion.com.ar\/diario\/wp-json\/wp\/v2\/tags?post=15327"}],"curies":[{"name":"wp","href":"https:\/\/api.w.org\/{rel}","templated":true}]}}