{"id":15308,"date":"2017-11-19T02:37:46","date_gmt":"2017-11-19T02:37:46","guid":{"rendered":"https:\/\/armstrongyregion.com.ar\/diario\/?p=15308"},"modified":"2017-11-19T02:37:46","modified_gmt":"2017-11-19T02:37:46","slug":"se-realizo-la-presentacion-oficial-armstrong-tierra-mia-en-el-marco-del-135-aniversario","status":"publish","type":"post","link":"https:\/\/armstrongyregion.com.ar\/diario\/se-realizo-la-presentacion-oficial-armstrong-tierra-mia-en-el-marco-del-135-aniversario\/","title":{"rendered":"Se realiz\u00f3 la presentaci\u00f3n oficial \u201cArmstrong Tierra M\u00eda\u201d en el marco del 135\u00b0 aniversario."},"content":{"rendered":"<p><a href=\"http:\/\/armstrongyregion.com.ar\/diario\/wp-content\/uploads\/2017\/11\/A-Tierra-Mia-.jpg\"><img loading=\"lazy\" decoding=\"async\" src=\"http:\/\/armstrongyregion.com.ar\/diario\/wp-content\/uploads\/2017\/11\/A-Tierra-Mia-.jpg\" alt=\"A-Tierra-Mia-\" width=\"960\" height=\"541\" class=\"alignnone size-full wp-image-15309\" srcset=\"https:\/\/armstrongyregion.com.ar\/diario\/wp-content\/uploads\/2017\/11\/A-Tierra-Mia-.jpg 960w, https:\/\/armstrongyregion.com.ar\/diario\/wp-content\/uploads\/2017\/11\/A-Tierra-Mia--300x169.jpg 300w\" sizes=\"auto, (max-width: 960px) 100vw, 960px\" \/><\/a>En la noche del viernes  desde el Sal\u00f3n auditorio Delmo Dar\u00f3, con motivo de celebrarse el 135\u00b0 aniversario de la fundaci\u00f3n de nuestra ciudad se lanz\u00f3 oficialmente dicha Fiesta, con la presencia del intendente Dr. Pablo Verdecchia, la Coord. de Gabinete Rosana Siri, representantes de diversas secretarias del ejecutivo junto a referentes de instituciones de nuestra ciudad como clubes, integrantes de \u201cEl Tropero\u201d, etc. quienes hicieron su aporte en los detalles de la organizaci\u00f3n.<br \/>\n<a href=\"http:\/\/armstrongyregion.com.ar\/diario\/wp-content\/uploads\/2017\/11\/A-Tierra-Mia-2-.jpg\"><img loading=\"lazy\" decoding=\"async\" src=\"http:\/\/armstrongyregion.com.ar\/diario\/wp-content\/uploads\/2017\/11\/A-Tierra-Mia-2-.jpg\" alt=\"A-Tierra-Mia-2-\" width=\"960\" height=\"540\" class=\"alignnone size-full wp-image-15310\" srcset=\"https:\/\/armstrongyregion.com.ar\/diario\/wp-content\/uploads\/2017\/11\/A-Tierra-Mia-2-.jpg 960w, https:\/\/armstrongyregion.com.ar\/diario\/wp-content\/uploads\/2017\/11\/A-Tierra-Mia-2--300x169.jpg 300w\" sizes=\"auto, (max-width: 960px) 100vw, 960px\" \/><\/a>Tambi\u00e9n la reina local junto a las princesas y Mis Simpat\u00eda engalanaron la noche.<br \/>\n\u201cArmstrong Tierra M\u00eda\u201d en esta oportunidad est\u00e1 prevista para los d\u00edas 9 y 10 de diciembre en Plaza San Mart\u00edn.<br \/>\nEl intendente Dr. Pablo Verdecchia en dialogo con los medios expresaba que \u201cesta fiesta es un orgullo para la ciudad ya que a\u00f1o a a\u00f1o viene super\u00e1ndose en convocatoria al igual que los artistas que engalanan el escenario, donde contaremos con la representaci\u00f3n de n\u00fameros locales como regionales, con la presencia de artistas como Jairo, Los Guaran\u00ed y cerraremos con La Barra como en otras oportunidades\u201d- dijo el mandatario-.<br \/>\n\u201cEsta es una fiesta de todos, es una fiesta que une a los ciudadanos armstronenses fecha que recordamos y celebramos el d\u00eda de su fundaci\u00f3n\u201d Finaliz\u00f3 el intendente.<\/p>\n","protected":false},"excerpt":{"rendered":"<p>En la noche del viernes desde el Sal\u00f3n auditorio Delmo Dar\u00f3, con motivo de celebrarse el 135\u00b0 aniversario de la fundaci\u00f3n de nuestra ciudad se lanz\u00f3 oficialmente dicha Fiesta, con la presencia del intendente Dr. Pablo Verdecchia, la Coord. de Gabinete Rosana Siri, representantes de diversas secretarias del ejecutivo junto a referentes de instituciones de <a href=\"https:\/\/armstrongyregion.com.ar\/diario\/se-realizo-la-presentacion-oficial-armstrong-tierra-mia-en-el-marco-del-135-aniversario\/\" title=\"Read more\" >&#8230;<\/a><\/p>\n","protected":false},"author":1,"featured_media":15309,"comment_status":"open","ping_status":"open","sticky":false,"template":"","format":"standard","meta":{"_jetpack_memberships_contains_paid_content":false,"footnotes":"","jetpack_publicize_message":"","jetpack_publicize_feature_enabled":true,"jetpack_social_post_already_shared":false,"jetpack_social_options":{"image_generator_settings":{"template":"highway","default_image_id":0,"enabled":false},"version":2}},"categories":[6,8,1,2,3],"tags":[6144],"class_list":["post-15308","post","type-post","status-publish","format-standard","has-post-thumbnail","hentry","category-cultura-entretenimiento","category-deliberando","category-diario-armstrong","category-locales","category-region","tag-se-realizo-la-presentacion-oficial-armstrong-tierra-mia-en-el-marco-del-135-aniversario"],"jetpack_publicize_connections":[],"jetpack_featured_media_url":"https:\/\/armstrongyregion.com.ar\/diario\/wp-content\/uploads\/2017\/11\/A-Tierra-Mia-.jpg","jetpack_shortlink":"https:\/\/wp.me\/p62QDO-3YU","jetpack_sharing_enabled":true,"amp_enabled":true,"_links":{"self":[{"href":"https:\/\/armstrongyregion.com.ar\/diario\/wp-json\/wp\/v2\/posts\/15308","targetHints":{"allow":["GET"]}}],"collection":[{"href":"https:\/\/armstrongyregion.com.ar\/diario\/wp-json\/wp\/v2\/posts"}],"about":[{"href":"https:\/\/armstrongyregion.com.ar\/diario\/wp-json\/wp\/v2\/types\/post"}],"author":[{"embeddable":true,"href":"https:\/\/armstrongyregion.com.ar\/diario\/wp-json\/wp\/v2\/users\/1"}],"replies":[{"embeddable":true,"href":"https:\/\/armstrongyregion.com.ar\/diario\/wp-json\/wp\/v2\/comments?post=15308"}],"version-history":[{"count":0,"href":"https:\/\/armstrongyregion.com.ar\/diario\/wp-json\/wp\/v2\/posts\/15308\/revisions"}],"wp:featuredmedia":[{"embeddable":true,"href":"https:\/\/armstrongyregion.com.ar\/diario\/wp-json\/wp\/v2\/media\/15309"}],"wp:attachment":[{"href":"https:\/\/armstrongyregion.com.ar\/diario\/wp-json\/wp\/v2\/media?parent=15308"}],"wp:term":[{"taxonomy":"category","embeddable":true,"href":"https:\/\/armstrongyregion.com.ar\/diario\/wp-json\/wp\/v2\/categories?post=15308"},{"taxonomy":"post_tag","embeddable":true,"href":"https:\/\/armstrongyregion.com.ar\/diario\/wp-json\/wp\/v2\/tags?post=15308"}],"curies":[{"name":"wp","href":"https:\/\/api.w.org\/{rel}","templated":true}]}}