{"id":15298,"date":"2017-11-19T01:47:32","date_gmt":"2017-11-19T01:47:32","guid":{"rendered":"https:\/\/armstrongyregion.com.ar\/diario\/?p=15298"},"modified":"2017-11-19T01:47:32","modified_gmt":"2017-11-19T01:47:32","slug":"quedo-inaugurada-la-14-muestra-nacional-de-las-parejas","status":"publish","type":"post","link":"https:\/\/armstrongyregion.com.ar\/diario\/quedo-inaugurada-la-14-muestra-nacional-de-las-parejas\/","title":{"rendered":"Qued\u00f3 inaugurada la 14\u00b0 Muestra Nacional de Las Parejas"},"content":{"rendered":"<p><a href=\"http:\/\/armstrongyregion.com.ar\/diario\/wp-content\/uploads\/2017\/11\/Inauguracion-PYME-14.jpg\"><img loading=\"lazy\" decoding=\"async\" src=\"http:\/\/armstrongyregion.com.ar\/diario\/wp-content\/uploads\/2017\/11\/Inauguracion-PYME-14.jpg\" alt=\"Inauguracion-pyme\" width=\"960\" height=\"640\" class=\"alignnone size-full wp-image-15299\" srcset=\"https:\/\/armstrongyregion.com.ar\/diario\/wp-content\/uploads\/2017\/11\/Inauguracion-PYME-14.jpg 960w, https:\/\/armstrongyregion.com.ar\/diario\/wp-content\/uploads\/2017\/11\/Inauguracion-PYME-14-300x200.jpg 300w\" sizes=\"auto, (max-width: 960px) 100vw, 960px\" \/><\/a>Haci\u00e9ndole frente al intenso calor, en la jornada de viernes a pleno sol se concret\u00f3 pasadas las 13:30 la inauguraci\u00f3n oficial de una nueva edici\u00f3n de la exposici\u00f3n PYME 2017 en el Parque Municipal \u201cN\u00e9stor Kirchner\u201d de la vecina ciudad parejense. Se realiz\u00f3 el corte de cinta, la bendici\u00f3n religiosa y el recorrido inaugural por la misma.<\/p>\n<p>En la oportunidad, se dio a conocer que la muestra fue declarada de Inter\u00e9s Provincial por la C\u00e1mara de Diputados y la C\u00e1mara de Senadores de la provincia. Y se destac\u00f3 el potencial agroindustrial que la misma expondr\u00e1 con la presencia de m\u00e1s de 160 pyme y con una ciudad que cuenta con 2.400 empleados metal\u00fargicos y m\u00e1s de 400 comercios de diferentes rubros en la localidad.<\/p>\n<p>\u201cEn este predio hoy tenemos el orgullo de recibir 195 productores y estar\u00e1n exponiendo unos 60 artesanos de la regi\u00f3n\u201d, se\u00f1al\u00f3 el locutor a poco del inicio del acto inaugural y destac\u00f3 que esta nueva edici\u00f3n contar\u00e1 con una nutrida agenda de actividades, las cuales ya comenzaron con la apertura este viernes a las 8:30 con la presencia de la biblioteca m\u00f3vil.<\/p>\n<p>Cabe mencionar que pasadas las 9 en la carpa auditorio tuvo lugar una charla que brind\u00f3 Enrique Quique Nardone, creador del Seleccionado Nacional de F\u00fatbol para Ciegos, de la cual participaron alumnos de las escuelas secundarias de la ciudad.<\/p>\n<p>Reconocimientos<br \/>\nEn tanto, en la continuidad del acto reconocieron a dos importantes industrias que este a\u00f1o est\u00e1n cumpliendo 60 a\u00f1os en Las Parejas, la f\u00e1brica APACHE y la empresa S\u00faper Walter.<br \/>\nDurante su alocuci\u00f3n, el intendente Horacio Compagnucci agradeci\u00f3 la presencia de todas las autoridades locales, provinciales y nacionales. As\u00ed como tambi\u00e9n a las distintas instituciones p\u00fablicas y empresas privadas presentes.<\/p>\n<p>\u201cHoy es un d\u00eda especial para todos los parejenses y para toda la regi\u00f3n. Arrancamos a las 9 de la ma\u00f1ana con la charla de Quique Nardone, y para los que estuvimos presentes nos conmovi\u00f3 y nos dio una lecci\u00f3n de vida. Creo que los que escuchamos esa charla sabemos que no est\u00e1 todo perdido, que debemos seguir luchando\u201d, acent\u00fao al iniciar.<\/p>\n<p>Destac\u00f3 el potencial con el que cuenta Las Parejas. \u201cTenemos que decir que en Santa Fe se fabrica y la producci\u00f3n es nacional, que somos una ciudad trabajadora, que se levanta muy temprano y termina a las \u00faltimas horas para tener una mejor calidad de vida, que da trabajo a muchas personas de distintas provincias\u201d, prosigui\u00f3. <\/p>\n<p>\u00abSomos orgullosos de las instituciones que tenemos ac\u00e1. Sabemos que tenemos una ciudad en crecimiento y con potencial para todos\u00bb, resalt\u00f3 el intendente e invit\u00f3 a disfrutar de los tres d\u00edas que durar\u00e1 la muestra.<br \/>\nFuente: Tadio Contacto. FM: 100.9<\/p>\n","protected":false},"excerpt":{"rendered":"<p>Haci\u00e9ndole frente al intenso calor, en la jornada de viernes a pleno sol se concret\u00f3 pasadas las 13:30 la inauguraci\u00f3n oficial de una nueva edici\u00f3n de la exposici\u00f3n PYME 2017 en el Parque Municipal \u201cN\u00e9stor Kirchner\u201d de la vecina ciudad parejense. Se realiz\u00f3 el corte de cinta, la bendici\u00f3n religiosa y el recorrido inaugural por <a href=\"https:\/\/armstrongyregion.com.ar\/diario\/quedo-inaugurada-la-14-muestra-nacional-de-las-parejas\/\" title=\"Read more\" >&#8230;<\/a><\/p>\n","protected":false},"author":1,"featured_media":15299,"comment_status":"open","ping_status":"open","sticky":false,"template":"","format":"standard","meta":{"_jetpack_memberships_contains_paid_content":false,"footnotes":"","jetpack_publicize_message":"","jetpack_publicize_feature_enabled":true,"jetpack_social_post_already_shared":false,"jetpack_social_options":{"image_generator_settings":{"template":"highway","default_image_id":0,"enabled":false},"version":2}},"categories":[8,1,3],"tags":[6141],"class_list":["post-15298","post","type-post","status-publish","format-standard","has-post-thumbnail","hentry","category-deliberando","category-diario-armstrong","category-region","tag-14-muestra-nacional-de-las-parejas"],"jetpack_publicize_connections":[],"jetpack_featured_media_url":"https:\/\/armstrongyregion.com.ar\/diario\/wp-content\/uploads\/2017\/11\/Inauguracion-PYME-14.jpg","jetpack_shortlink":"https:\/\/wp.me\/p62QDO-3YK","jetpack_sharing_enabled":true,"amp_enabled":true,"_links":{"self":[{"href":"https:\/\/armstrongyregion.com.ar\/diario\/wp-json\/wp\/v2\/posts\/15298","targetHints":{"allow":["GET"]}}],"collection":[{"href":"https:\/\/armstrongyregion.com.ar\/diario\/wp-json\/wp\/v2\/posts"}],"about":[{"href":"https:\/\/armstrongyregion.com.ar\/diario\/wp-json\/wp\/v2\/types\/post"}],"author":[{"embeddable":true,"href":"https:\/\/armstrongyregion.com.ar\/diario\/wp-json\/wp\/v2\/users\/1"}],"replies":[{"embeddable":true,"href":"https:\/\/armstrongyregion.com.ar\/diario\/wp-json\/wp\/v2\/comments?post=15298"}],"version-history":[{"count":0,"href":"https:\/\/armstrongyregion.com.ar\/diario\/wp-json\/wp\/v2\/posts\/15298\/revisions"}],"wp:featuredmedia":[{"embeddable":true,"href":"https:\/\/armstrongyregion.com.ar\/diario\/wp-json\/wp\/v2\/media\/15299"}],"wp:attachment":[{"href":"https:\/\/armstrongyregion.com.ar\/diario\/wp-json\/wp\/v2\/media?parent=15298"}],"wp:term":[{"taxonomy":"category","embeddable":true,"href":"https:\/\/armstrongyregion.com.ar\/diario\/wp-json\/wp\/v2\/categories?post=15298"},{"taxonomy":"post_tag","embeddable":true,"href":"https:\/\/armstrongyregion.com.ar\/diario\/wp-json\/wp\/v2\/tags?post=15298"}],"curies":[{"name":"wp","href":"https:\/\/api.w.org\/{rel}","templated":true}]}}