{"id":15295,"date":"2017-11-19T01:26:17","date_gmt":"2017-11-19T01:26:17","guid":{"rendered":"https:\/\/armstrongyregion.com.ar\/diario\/?p=15295"},"modified":"2017-11-19T01:26:17","modified_gmt":"2017-11-19T01:26:17","slug":"media-sancion-a-la-ley-que-prorroga-desalojos-en-predios-rurales","status":"publish","type":"post","link":"https:\/\/armstrongyregion.com.ar\/diario\/media-sancion-a-la-ley-que-prorroga-desalojos-en-predios-rurales\/","title":{"rendered":"Media sanci\u00f3n a la ley que prorroga desalojos en predios rurales."},"content":{"rendered":"<p><a href=\"http:\/\/armstrongyregion.com.ar\/diario\/wp-content\/uploads\/2017\/11\/giaccone-prorroga-.jpg\"><img loading=\"lazy\" decoding=\"async\" src=\"http:\/\/armstrongyregion.com.ar\/diario\/wp-content\/uploads\/2017\/11\/giaccone-prorroga-.jpg\" alt=\"giaccone-prorroga-\" width=\"802\" height=\"535\" class=\"alignnone size-full wp-image-15296\" srcset=\"https:\/\/armstrongyregion.com.ar\/diario\/wp-content\/uploads\/2017\/11\/giaccone-prorroga-.jpg 802w, https:\/\/armstrongyregion.com.ar\/diario\/wp-content\/uploads\/2017\/11\/giaccone-prorroga--300x200.jpg 300w\" sizes=\"auto, (max-width: 802px) 100vw, 802px\" \/><\/a>La C\u00e1mara de Diputados de Santa Fe aprob\u00f3 el Proyecto de Ley presentado por la diputada Giaccone, para extender hasta el 28 de febrero de 2020 la emergencia en materia de propiedad y posesi\u00f3n de tierras.<br \/>\nEn la Sesi\u00f3n Ordinaria del 16 de noviembre de 2017, la C\u00e1mara de Diputados de la Provincia de Santa Fe aprob\u00f3 el Proyecto de Ley presentado por la diputada provincial Claudia Giaccone, para extender hasta el 28 de febrero de 2020 la emergencia en materia de propiedad y posesi\u00f3n de las tierras ocupadas por los peque\u00f1os productores, familias de trabajadores rurales, campesinos e ind\u00edgenas que acrediten una ocupaci\u00f3n efectiva del predio rural, y suspendiendo por id\u00e9ntico t\u00e9rmino la ejecuci\u00f3n de desalojos.<\/p>\n<p>\u201cEstoy muy satisfecha con el acompa\u00f1amiento de los Diputados, y ahora es preciso que el Senado le d\u00e9 plena sanci\u00f3n durante este per\u00edodo ordinario de sesiones, ya que la norma original -Ley n\u00b0 13.334- caduca en el mes de febrero del a\u00f1o pr\u00f3ximo\u201d, expres\u00f3 Giaccone. \u201cPor eso es de imperiosa urgencia la necesidad de prorrogarla, siendo adem\u00e1s que a la fecha s\u00f3lo se han registrado 10 casos, lo que demuestra la escasa ejecuci\u00f3n que ha tenido la ley en estos a\u00f1os\u201d.<\/p>\n<p>El proyecto con media sanci\u00f3n establece que durante este nuevo plazo se suspender\u00e1n la ejecuci\u00f3n de las sentencias, actos procesales o resoluciones administrativas, o de cualquier \u00edndole, cuyo objeto sea el desalojo o desocupaci\u00f3n inmediata de dichas tierras. Para este beneficio la ocupaci\u00f3n efectiva del inmueble rural considerado debe ser por un t\u00e9rmino superior a diez a\u00f1os, siendo la misma ininterrumpida y continuada, p\u00fablica y pac\u00edfica.<\/p>\n<p>\u201cHemos estado trabajando el tema en forma conjunta con el Movimiento de Peque\u00f1os Productores de Santa Fe (Moprofe), y pensamos que ellos deben incorporarse a la realizaci\u00f3n del relevamiento, registro y tr\u00e1mite de acreditaci\u00f3n para la regularizaci\u00f3n de dominio de esas propiedades\u201d, dice la diputada. \u201cLuego que se sanciones es preciso una divulgaci\u00f3n activa de esta ley para que se universalice su aplicaci\u00f3n, y tambi\u00e9n que el tr\u00e1mite no sea tan oneroso que lo haga imposible, por eso hemos incorporado que las declaraciones juradas que deben firmar el titular m\u00e1s dos testigos, ante juzgado o escribanos, En caso de no ser viable su gratuidad el Estado asuma su costo.\u201d<\/p>\n<p>La diputada entiende adem\u00e1s, que la Ley con media sanci\u00f3n favorece la participaci\u00f3n de las organizaciones o movimientos representativos de los agricultores familiares y de t\u00e9cnicos para acompa\u00f1ar dichos procesos, incluyendo la creaci\u00f3n de una Comisi\u00f3n de Asesoramiento a la Autoridad de Aplicaci\u00f3n, presidida por el Ministro de la Producci\u00f3n, integrada por otros estamentos del Estado provincial, y pero tambi\u00e9n, por un representante de las asociaciones y\/o entidades representativas y\/o asesoras de los peque\u00f1os productores e ind\u00edgenas que cuenten con personer\u00eda jur\u00eddica o el movimiento que las represente. \u00abEsto permitir\u00e1 una estrecha articulaci\u00f3n de organizaciones sociales y el estado, tal como ocurri\u00f3 con \u00e9xito en la gesti\u00f3n y aplicaci\u00f3n de leyes que determinaron la cesi\u00f3n de predios rurales a peque\u00f1os productores y a comunidades abor\u00edgenes \u2013leyes n\u00b0 12.086 y 12.091-\u00ab, manifest\u00f3 Giaccone.<\/p>\n","protected":false},"excerpt":{"rendered":"<p>La C\u00e1mara de Diputados de Santa Fe aprob\u00f3 el Proyecto de Ley presentado por la diputada Giaccone, para extender hasta el 28 de febrero de 2020 la emergencia en materia de propiedad y posesi\u00f3n de tierras. En la Sesi\u00f3n Ordinaria del 16 de noviembre de 2017, la C\u00e1mara de Diputados de la Provincia de Santa <a href=\"https:\/\/armstrongyregion.com.ar\/diario\/media-sancion-a-la-ley-que-prorroga-desalojos-en-predios-rurales\/\" title=\"Read more\" >&#8230;<\/a><\/p>\n","protected":false},"author":1,"featured_media":15296,"comment_status":"open","ping_status":"open","sticky":false,"template":"","format":"standard","meta":{"_jetpack_memberships_contains_paid_content":false,"footnotes":"","jetpack_publicize_message":"","jetpack_publicize_feature_enabled":true,"jetpack_social_post_already_shared":false,"jetpack_social_options":{"image_generator_settings":{"template":"highway","default_image_id":0,"enabled":false},"version":2}},"categories":[8,1,7,3],"tags":[6140],"class_list":["post-15295","post","type-post","status-publish","format-standard","has-post-thumbnail","hentry","category-deliberando","category-diario-armstrong","category-politica","category-region","tag-giaccone-prorroga-desalojo-de-predios-rurales"],"jetpack_publicize_connections":[],"jetpack_featured_media_url":"https:\/\/armstrongyregion.com.ar\/diario\/wp-content\/uploads\/2017\/11\/giaccone-prorroga-.jpg","jetpack_shortlink":"https:\/\/wp.me\/p62QDO-3YH","jetpack_sharing_enabled":true,"amp_enabled":true,"_links":{"self":[{"href":"https:\/\/armstrongyregion.com.ar\/diario\/wp-json\/wp\/v2\/posts\/15295","targetHints":{"allow":["GET"]}}],"collection":[{"href":"https:\/\/armstrongyregion.com.ar\/diario\/wp-json\/wp\/v2\/posts"}],"about":[{"href":"https:\/\/armstrongyregion.com.ar\/diario\/wp-json\/wp\/v2\/types\/post"}],"author":[{"embeddable":true,"href":"https:\/\/armstrongyregion.com.ar\/diario\/wp-json\/wp\/v2\/users\/1"}],"replies":[{"embeddable":true,"href":"https:\/\/armstrongyregion.com.ar\/diario\/wp-json\/wp\/v2\/comments?post=15295"}],"version-history":[{"count":0,"href":"https:\/\/armstrongyregion.com.ar\/diario\/wp-json\/wp\/v2\/posts\/15295\/revisions"}],"wp:featuredmedia":[{"embeddable":true,"href":"https:\/\/armstrongyregion.com.ar\/diario\/wp-json\/wp\/v2\/media\/15296"}],"wp:attachment":[{"href":"https:\/\/armstrongyregion.com.ar\/diario\/wp-json\/wp\/v2\/media?parent=15295"}],"wp:term":[{"taxonomy":"category","embeddable":true,"href":"https:\/\/armstrongyregion.com.ar\/diario\/wp-json\/wp\/v2\/categories?post=15295"},{"taxonomy":"post_tag","embeddable":true,"href":"https:\/\/armstrongyregion.com.ar\/diario\/wp-json\/wp\/v2\/tags?post=15295"}],"curies":[{"name":"wp","href":"https:\/\/api.w.org\/{rel}","templated":true}]}}