{"id":1525,"date":"2015-04-01T15:24:10","date_gmt":"2015-04-01T15:24:10","guid":{"rendered":"https:\/\/armstrongyregion.com.ar\/diario\/?p=1525"},"modified":"2015-04-01T15:24:10","modified_gmt":"2015-04-01T15:24:10","slug":"actividad-de-la-banda-municipal-marzo-2015","status":"publish","type":"post","link":"https:\/\/armstrongyregion.com.ar\/diario\/actividad-de-la-banda-municipal-marzo-2015\/","title":{"rendered":"Actividad de la Banda Municipal marzo 2015."},"content":{"rendered":"<p><a href=\"http:\/\/armstrongyregion.com.ar\/diario\/wp-content\/uploads\/2015\/04\/bandamarzo.jpg\"><img loading=\"lazy\" decoding=\"async\" class=\"alignnone size-medium wp-image-1526\" src=\"http:\/\/armstrongyregion.com.ar\/diario\/wp-content\/uploads\/2015\/04\/bandamarzo-300x180.jpg\" alt=\"bandamarzo\" width=\"300\" height=\"180\" srcset=\"https:\/\/armstrongyregion.com.ar\/diario\/wp-content\/uploads\/2015\/04\/bandamarzo-300x180.jpg 300w, https:\/\/armstrongyregion.com.ar\/diario\/wp-content\/uploads\/2015\/04\/bandamarzo.jpg 768w\" sizes=\"auto, (max-width: 300px) 100vw, 300px\" \/><\/a>Desde mediados del mes de marzo, la Escuela Banda Infanto Juvenil Municipal, dirigida por los Maestros Gabriel Alustiza y Sebasti\u00e1n Tesei, lleva adelante las actividades previstas para este a\u00f1o 2015.<\/p>\n<p>El pasado domingo 29 de marzo, realizaron la primera presentaci\u00f3n del a\u00f1o en un encuentro de bandas infanto juveniles, en el predio del ferrocarril de la localidad de Arteaga. Hacia all\u00ed se dirigi\u00f3 la delegaci\u00f3n conformada por 49 armstronenses, llevando su m\u00fasica y sus ganas de participar.<\/p>\n<p>Alos integrantes de la Banda local tuvieron la oportunidad de compartir un grato momento de camarader\u00eda con sus pares de Banda Comunal Infanto Juvenil de Arteaga, Escuela de M\u00fasica de San Jos\u00e9 de la Esquina, Escuela de M\u00fasica de Cruz Alta, Banda de M\u00fasica de Casilda, y Escuela y Banda de M\u00fasica de Cha\u00f1ar Ladeado.<\/p>\n<p>El evento fue organizado y auspiciado por la Comuna de Arteaga y, luego de un desfile por las calles, comenz\u00f3 el concierto que cerr\u00f3 a toda orquesta con 200 m\u00fasicos en escena.<\/p>\n<p>Para todas aquellas personas, tanto ni\u00f1os como adultos, que deseen sumarse a la Banda Municipal, les recordamos los d\u00edas y horarios de clases:<\/p>\n<p>Lunes de 19 a 22 hs.<br \/>\nMartes de 14 a 17 hs.<br \/>\nJueves de 14 a 17 hs. y de 19 a 22 hs.<br \/>\nViernes de 17 a 20 hs.<\/p>\n","protected":false},"excerpt":{"rendered":"<p>Desde mediados del mes de marzo, la Escuela Banda Infanto Juvenil Municipal, dirigida por los Maestros Gabriel Alustiza y Sebasti\u00e1n Tesei, lleva adelante las actividades previstas para este a\u00f1o 2015. El pasado domingo 29 de marzo, realizaron la primera presentaci\u00f3n del a\u00f1o en un encuentro de bandas infanto juveniles, en el predio del ferrocarril de <a href=\"https:\/\/armstrongyregion.com.ar\/diario\/actividad-de-la-banda-municipal-marzo-2015\/\" title=\"Read more\" >&#8230;<\/a><\/p>\n","protected":false},"author":2,"featured_media":1526,"comment_status":"open","ping_status":"open","sticky":false,"template":"","format":"standard","meta":{"_jetpack_memberships_contains_paid_content":false,"footnotes":"","jetpack_publicize_message":"","jetpack_publicize_feature_enabled":true,"jetpack_social_post_already_shared":false,"jetpack_social_options":{"image_generator_settings":{"template":"highway","default_image_id":0,"enabled":false},"version":2}},"categories":[1,2],"tags":[1318],"class_list":["post-1525","post","type-post","status-publish","format-standard","has-post-thumbnail","hentry","category-diario-armstrong","category-locales","tag-actividad-de-la-banda-municipal-marzo-2015"],"jetpack_publicize_connections":[],"jetpack_featured_media_url":"https:\/\/armstrongyregion.com.ar\/diario\/wp-content\/uploads\/2015\/04\/bandamarzo.jpg","jetpack_shortlink":"https:\/\/wp.me\/p62QDO-oB","jetpack_sharing_enabled":true,"amp_enabled":true,"_links":{"self":[{"href":"https:\/\/armstrongyregion.com.ar\/diario\/wp-json\/wp\/v2\/posts\/1525","targetHints":{"allow":["GET"]}}],"collection":[{"href":"https:\/\/armstrongyregion.com.ar\/diario\/wp-json\/wp\/v2\/posts"}],"about":[{"href":"https:\/\/armstrongyregion.com.ar\/diario\/wp-json\/wp\/v2\/types\/post"}],"author":[{"embeddable":true,"href":"https:\/\/armstrongyregion.com.ar\/diario\/wp-json\/wp\/v2\/users\/2"}],"replies":[{"embeddable":true,"href":"https:\/\/armstrongyregion.com.ar\/diario\/wp-json\/wp\/v2\/comments?post=1525"}],"version-history":[{"count":0,"href":"https:\/\/armstrongyregion.com.ar\/diario\/wp-json\/wp\/v2\/posts\/1525\/revisions"}],"wp:featuredmedia":[{"embeddable":true,"href":"https:\/\/armstrongyregion.com.ar\/diario\/wp-json\/wp\/v2\/media\/1526"}],"wp:attachment":[{"href":"https:\/\/armstrongyregion.com.ar\/diario\/wp-json\/wp\/v2\/media?parent=1525"}],"wp:term":[{"taxonomy":"category","embeddable":true,"href":"https:\/\/armstrongyregion.com.ar\/diario\/wp-json\/wp\/v2\/categories?post=1525"},{"taxonomy":"post_tag","embeddable":true,"href":"https:\/\/armstrongyregion.com.ar\/diario\/wp-json\/wp\/v2\/tags?post=1525"}],"curies":[{"name":"wp","href":"https:\/\/api.w.org\/{rel}","templated":true}]}}