{"id":1522,"date":"2015-04-01T15:15:08","date_gmt":"2015-04-01T15:15:08","guid":{"rendered":"https:\/\/armstrongyregion.com.ar\/diario\/?p=1522"},"modified":"2015-04-01T15:15:08","modified_gmt":"2015-04-01T15:15:08","slug":"canada-de-gomez-la-intendenta-clerici-inauguro-el-playon-polideportivo","status":"publish","type":"post","link":"https:\/\/armstrongyregion.com.ar\/diario\/canada-de-gomez-la-intendenta-clerici-inauguro-el-playon-polideportivo\/","title":{"rendered":"Ca\u00f1ada de G\u00f3mez. La intendenta Cl\u00e9rici inaugur\u00f3 el play\u00f3n polideportivo."},"content":{"rendered":"<p><a href=\"http:\/\/armstrongyregion.com.ar\/diario\/wp-content\/uploads\/2015\/04\/playon2.jpg\"><img loading=\"lazy\" decoding=\"async\" class=\"alignnone size-medium wp-image-1523\" src=\"http:\/\/armstrongyregion.com.ar\/diario\/wp-content\/uploads\/2015\/04\/playon2-300x200.jpg\" alt=\"playon2\" width=\"300\" height=\"200\" srcset=\"https:\/\/armstrongyregion.com.ar\/diario\/wp-content\/uploads\/2015\/04\/playon2-300x200.jpg 300w, https:\/\/armstrongyregion.com.ar\/diario\/wp-content\/uploads\/2015\/04\/playon2.jpg 750w\" sizes=\"auto, (max-width: 300px) 100vw, 300px\" \/><\/a>Est\u00e1 ubicado en Avellaneda y Col\u00f3n junto al Centro Integrador Comunitario. Del acto participaron alumnos y docenes de las escuelas que \u00a0lo utilizar\u00e1n junto a los vecinos.<\/p>\n<p>La intendenta Stella Cl\u00e9rici inaugur\u00f3 el Play\u00f3n Polideportivo ubicado en Col\u00f3n y Avellaneda junto al Centro integrador Comunitario con la<\/p>\n<p>presencia de vecinos, docentes y alumnos de las instituciones educativa<br \/>\nque lo utilizar\u00e1n.<br \/>\nCl\u00e9rici acompa\u00f1ada por su equipo de gobierno destac\u00f3 la necesidad de la<br \/>\nconstrucci\u00f3n de este espacio inclusivo para uso por parte de las<br \/>\nescuelas pero tambi\u00e9n de los vecinos. \u201cLo que antes era un espacio de<br \/>\ntristeza hoy se convirti\u00f3 en un lugar de alegr\u00eda. Estamos felices de<br \/>\nhabilitar junto a todos ustedes el Play\u00f3n Polideportivo de zona Norte.<br \/>\nGracias a todos los que trabajaron en la construcci\u00f3n de este espacio\u201d,<br \/>\nexpres\u00f3.<br \/>\nAs\u00ed mismo se refiri\u00f3 a las gestiones de un nuevo N\u00facleo de Acceso al<br \/>\nConocimiento y de un natatorio municipal para seguir dotando de<br \/>\ninfraestructura a la zona norte de la ciudad. Posterior a la<br \/>\ninauguraci\u00f3n, el Padre Nestor Negri dio la bendici\u00f3n y organiz\u00f3 un<br \/>\n\u201cpicadito\u201d junto a los chicos del barrio para estrenar la cancha.<\/p>\n","protected":false},"excerpt":{"rendered":"<p>Est\u00e1 ubicado en Avellaneda y Col\u00f3n junto al Centro Integrador Comunitario. Del acto participaron alumnos y docenes de las escuelas que \u00a0lo utilizar\u00e1n junto a los vecinos. La intendenta Stella Cl\u00e9rici inaugur\u00f3 el Play\u00f3n Polideportivo ubicado en Col\u00f3n y Avellaneda junto al Centro integrador Comunitario con la presencia de vecinos, docentes y alumnos de las <a href=\"https:\/\/armstrongyregion.com.ar\/diario\/canada-de-gomez-la-intendenta-clerici-inauguro-el-playon-polideportivo\/\" title=\"Read more\" >&#8230;<\/a><\/p>\n","protected":false},"author":2,"featured_media":1523,"comment_status":"open","ping_status":"open","sticky":false,"template":"","format":"standard","meta":{"_jetpack_memberships_contains_paid_content":false,"footnotes":"","jetpack_publicize_message":"","jetpack_publicize_feature_enabled":true,"jetpack_social_post_already_shared":false,"jetpack_social_options":{"image_generator_settings":{"template":"highway","default_image_id":0,"enabled":false},"version":2}},"categories":[1,3],"tags":[1316,83,16,1028,815,1317,383],"class_list":["post-1522","post","type-post","status-publish","format-standard","has-post-thumbnail","hentry","category-diario-armstrong","category-region","tag-canada-de-gomez-la","tag-clerici","tag-el","tag-inauguro","tag-intendenta","tag-playon","tag-polideportivo"],"jetpack_publicize_connections":[],"jetpack_featured_media_url":"https:\/\/armstrongyregion.com.ar\/diario\/wp-content\/uploads\/2015\/04\/playon2.jpg","jetpack_shortlink":"https:\/\/wp.me\/p62QDO-oy","jetpack_sharing_enabled":true,"amp_enabled":true,"_links":{"self":[{"href":"https:\/\/armstrongyregion.com.ar\/diario\/wp-json\/wp\/v2\/posts\/1522","targetHints":{"allow":["GET"]}}],"collection":[{"href":"https:\/\/armstrongyregion.com.ar\/diario\/wp-json\/wp\/v2\/posts"}],"about":[{"href":"https:\/\/armstrongyregion.com.ar\/diario\/wp-json\/wp\/v2\/types\/post"}],"author":[{"embeddable":true,"href":"https:\/\/armstrongyregion.com.ar\/diario\/wp-json\/wp\/v2\/users\/2"}],"replies":[{"embeddable":true,"href":"https:\/\/armstrongyregion.com.ar\/diario\/wp-json\/wp\/v2\/comments?post=1522"}],"version-history":[{"count":0,"href":"https:\/\/armstrongyregion.com.ar\/diario\/wp-json\/wp\/v2\/posts\/1522\/revisions"}],"wp:featuredmedia":[{"embeddable":true,"href":"https:\/\/armstrongyregion.com.ar\/diario\/wp-json\/wp\/v2\/media\/1523"}],"wp:attachment":[{"href":"https:\/\/armstrongyregion.com.ar\/diario\/wp-json\/wp\/v2\/media?parent=1522"}],"wp:term":[{"taxonomy":"category","embeddable":true,"href":"https:\/\/armstrongyregion.com.ar\/diario\/wp-json\/wp\/v2\/categories?post=1522"},{"taxonomy":"post_tag","embeddable":true,"href":"https:\/\/armstrongyregion.com.ar\/diario\/wp-json\/wp\/v2\/tags?post=1522"}],"curies":[{"name":"wp","href":"https:\/\/api.w.org\/{rel}","templated":true}]}}