{"id":15219,"date":"2017-11-13T13:11:22","date_gmt":"2017-11-13T13:11:22","guid":{"rendered":"https:\/\/armstrongyregion.com.ar\/diario\/?p=15219"},"modified":"2017-11-13T13:11:22","modified_gmt":"2017-11-13T13:11:22","slug":"este-miercoles-es-feriado-administrativo-en-la-provincia","status":"publish","type":"post","link":"https:\/\/armstrongyregion.com.ar\/diario\/este-miercoles-es-feriado-administrativo-en-la-provincia\/","title":{"rendered":"Este mi\u00e9rcoles es feriado administrativo en la provincia."},"content":{"rendered":"<p><a href=\"http:\/\/armstrongyregion.com.ar\/diario\/wp-content\/uploads\/2017\/11\/parodocente.jpg_1305449671-2.jpg\"><img loading=\"lazy\" decoding=\"async\" src=\"http:\/\/armstrongyregion.com.ar\/diario\/wp-content\/uploads\/2017\/11\/parodocente.jpg_1305449671-2.jpg\" alt=\"parodocente.jpg_1305449671 (2)\" width=\"847\" height=\"476\" class=\"alignnone size-full wp-image-15220\" srcset=\"https:\/\/armstrongyregion.com.ar\/diario\/wp-content\/uploads\/2017\/11\/parodocente.jpg_1305449671-2.jpg 847w, https:\/\/armstrongyregion.com.ar\/diario\/wp-content\/uploads\/2017\/11\/parodocente.jpg_1305449671-2-300x169.jpg 300w\" sizes=\"auto, (max-width: 847px) 100vw, 847px\" \/><\/a>Es por la conmemoraci\u00f3n de la fundaci\u00f3n de la ciudad de Santa Fe. Los alcances de la medida en todo el territorio santafesino.<br \/>\nEste mi\u00e9rcoles es feriado administrativo en Santa Fe debido a la conmemoraci\u00f3n del aniversario fundacional de la ciudad de Santa Fe. En este marco, algunas actividades y servicios quedan afectados.<br \/>\nEl feriado es optativo para el comercio, la industria y los bancos. En tanto, todas las dependencias provinciales y municipales no funcionar\u00e1n y tampoco habr\u00e1 clases en las escuelas.<\/p>\n<p>Por su parte, en el sector privado ser\u00e1 normal la actividad; y la atenci\u00f3n en los organismos nacionales como Pami y Anses se prestar\u00e1 como es habitual, salvo que llegue una comunicaci\u00f3n desde Buenos Aires que establezca lo contrario.<br \/>\nRosario3.com<\/p>\n","protected":false},"excerpt":{"rendered":"<p>Es por la conmemoraci\u00f3n de la fundaci\u00f3n de la ciudad de Santa Fe. Los alcances de la medida en todo el territorio santafesino. Este mi\u00e9rcoles es feriado administrativo en Santa Fe debido a la conmemoraci\u00f3n del aniversario fundacional de la ciudad de Santa Fe. En este marco, algunas actividades y servicios quedan afectados. El feriado <a href=\"https:\/\/armstrongyregion.com.ar\/diario\/este-miercoles-es-feriado-administrativo-en-la-provincia\/\" title=\"Read more\" >&#8230;<\/a><\/p>\n","protected":false},"author":1,"featured_media":15220,"comment_status":"open","ping_status":"open","sticky":false,"template":"","format":"standard","meta":{"_jetpack_memberships_contains_paid_content":false,"footnotes":"","jetpack_publicize_message":"","jetpack_publicize_feature_enabled":true,"jetpack_social_post_already_shared":false,"jetpack_social_options":{"image_generator_settings":{"template":"highway","default_image_id":0,"enabled":false},"version":2}},"categories":[1,2,7,3],"tags":[6113],"class_list":["post-15219","post","type-post","status-publish","format-standard","has-post-thumbnail","hentry","category-diario-armstrong","category-locales","category-politica","category-region","tag-este-miercoles-es-feriado-administrativo-en-la-provincia"],"jetpack_publicize_connections":[],"jetpack_featured_media_url":"https:\/\/armstrongyregion.com.ar\/diario\/wp-content\/uploads\/2017\/11\/parodocente.jpg_1305449671-2.jpg","jetpack_shortlink":"https:\/\/wp.me\/p62QDO-3Xt","jetpack_sharing_enabled":true,"amp_enabled":true,"_links":{"self":[{"href":"https:\/\/armstrongyregion.com.ar\/diario\/wp-json\/wp\/v2\/posts\/15219","targetHints":{"allow":["GET"]}}],"collection":[{"href":"https:\/\/armstrongyregion.com.ar\/diario\/wp-json\/wp\/v2\/posts"}],"about":[{"href":"https:\/\/armstrongyregion.com.ar\/diario\/wp-json\/wp\/v2\/types\/post"}],"author":[{"embeddable":true,"href":"https:\/\/armstrongyregion.com.ar\/diario\/wp-json\/wp\/v2\/users\/1"}],"replies":[{"embeddable":true,"href":"https:\/\/armstrongyregion.com.ar\/diario\/wp-json\/wp\/v2\/comments?post=15219"}],"version-history":[{"count":0,"href":"https:\/\/armstrongyregion.com.ar\/diario\/wp-json\/wp\/v2\/posts\/15219\/revisions"}],"wp:featuredmedia":[{"embeddable":true,"href":"https:\/\/armstrongyregion.com.ar\/diario\/wp-json\/wp\/v2\/media\/15220"}],"wp:attachment":[{"href":"https:\/\/armstrongyregion.com.ar\/diario\/wp-json\/wp\/v2\/media?parent=15219"}],"wp:term":[{"taxonomy":"category","embeddable":true,"href":"https:\/\/armstrongyregion.com.ar\/diario\/wp-json\/wp\/v2\/categories?post=15219"},{"taxonomy":"post_tag","embeddable":true,"href":"https:\/\/armstrongyregion.com.ar\/diario\/wp-json\/wp\/v2\/tags?post=15219"}],"curies":[{"name":"wp","href":"https:\/\/api.w.org\/{rel}","templated":true}]}}