{"id":15206,"date":"2017-11-10T13:52:32","date_gmt":"2017-11-10T13:52:32","guid":{"rendered":"https:\/\/armstrongyregion.com.ar\/diario\/?p=15206"},"modified":"2017-11-10T13:52:32","modified_gmt":"2017-11-10T13:52:32","slug":"el-gobierno-definio-seis-feriados-puente-para-2018-y-2019","status":"publish","type":"post","link":"https:\/\/armstrongyregion.com.ar\/diario\/el-gobierno-definio-seis-feriados-puente-para-2018-y-2019\/","title":{"rendered":"El gobierno defini\u00f3 seis feriados puente para 2018 y 2019."},"content":{"rendered":"<p><a href=\"http:\/\/armstrongyregion.com.ar\/diario\/wp-content\/uploads\/2017\/11\/turistas-por-la-costa.jpg\"><img loading=\"lazy\" decoding=\"async\" src=\"http:\/\/armstrongyregion.com.ar\/diario\/wp-content\/uploads\/2017\/11\/turistas-por-la-costa.jpg\" alt=\"turistas-por-la-costa\" width=\"768\" height=\"461\" class=\"alignnone size-full wp-image-15207\" srcset=\"https:\/\/armstrongyregion.com.ar\/diario\/wp-content\/uploads\/2017\/11\/turistas-por-la-costa.jpg 768w, https:\/\/armstrongyregion.com.ar\/diario\/wp-content\/uploads\/2017\/11\/turistas-por-la-costa-300x180.jpg 300w\" sizes=\"auto, (max-width: 768px) 100vw, 768px\" \/><\/a>El decreto se public\u00f3 este viernes. Son d\u00edas que se agregan a los no laborables para extender fines de semana y fomentar el turismo.<\/p>\n<p>El Poder Ejecutivo defini\u00f3 el calendario de feriados y d\u00edas no laborables con fines tur\u00edsticos para 2018 y 2019: habr\u00e1 seis feriados puente en los pr\u00f3ximos dos a\u00f1os para fomentar el turismo.<\/p>\n<p>Ser\u00e1n los d\u00edas 30 de abril, 24 de diciembre y 31 de diciembre de 2018, que son tres lunes que anteceden al feriado por el D\u00eda del Trabajador, Navidad y A\u00f1o Nuevo, respectivamente. Y en 2019 los d\u00edas 8 de julio, 19 de agosto y 14 de octubre, lunes que anteceden los feriados por el D\u00eda de la Independencia, el Paso a la Inmortalidad del General San Mart\u00edn y el D\u00eda del Respeto por la Diversidad Cultural, respectivamente.<\/p>\n<p>El decreto correspondiente fue publicado este viernes en el Bolet\u00edn Oficial, y se basa en la ley 27.399, que facult\u00f3 al Poder Ejecutivo \u201ca fijar anualmente hasta tres d\u00edas feriados o no laborables destinados a promover la actividad tur\u00edstica, que deber\u00e1n coincidir con los d\u00edas lunes o viernes\u201d.<\/p>\n","protected":false},"excerpt":{"rendered":"<p>El decreto se public\u00f3 este viernes. Son d\u00edas que se agregan a los no laborables para extender fines de semana y fomentar el turismo. El Poder Ejecutivo defini\u00f3 el calendario de feriados y d\u00edas no laborables con fines tur\u00edsticos para 2018 y 2019: habr\u00e1 seis feriados puente en los pr\u00f3ximos dos a\u00f1os para fomentar el <a href=\"https:\/\/armstrongyregion.com.ar\/diario\/el-gobierno-definio-seis-feriados-puente-para-2018-y-2019\/\" title=\"Read more\" >&#8230;<\/a><\/p>\n","protected":false},"author":1,"featured_media":15207,"comment_status":"open","ping_status":"open","sticky":false,"template":"","format":"standard","meta":{"_jetpack_memberships_contains_paid_content":false,"footnotes":"","jetpack_publicize_message":"","jetpack_publicize_feature_enabled":true,"jetpack_social_post_already_shared":false,"jetpack_social_options":{"image_generator_settings":{"template":"highway","default_image_id":0,"enabled":false},"version":2}},"categories":[1,2819,2,7,3],"tags":[6112],"class_list":["post-15206","post","type-post","status-publish","format-standard","has-post-thumbnail","hentry","category-diario-armstrong","category-el-pais","category-locales","category-politica","category-region","tag-el-gobierno-definio-seis-feriados-puente-para-2018-y-2019"],"jetpack_publicize_connections":[],"jetpack_featured_media_url":"https:\/\/armstrongyregion.com.ar\/diario\/wp-content\/uploads\/2017\/11\/turistas-por-la-costa.jpg","jetpack_shortlink":"https:\/\/wp.me\/p62QDO-3Xg","jetpack_sharing_enabled":true,"amp_enabled":true,"_links":{"self":[{"href":"https:\/\/armstrongyregion.com.ar\/diario\/wp-json\/wp\/v2\/posts\/15206","targetHints":{"allow":["GET"]}}],"collection":[{"href":"https:\/\/armstrongyregion.com.ar\/diario\/wp-json\/wp\/v2\/posts"}],"about":[{"href":"https:\/\/armstrongyregion.com.ar\/diario\/wp-json\/wp\/v2\/types\/post"}],"author":[{"embeddable":true,"href":"https:\/\/armstrongyregion.com.ar\/diario\/wp-json\/wp\/v2\/users\/1"}],"replies":[{"embeddable":true,"href":"https:\/\/armstrongyregion.com.ar\/diario\/wp-json\/wp\/v2\/comments?post=15206"}],"version-history":[{"count":0,"href":"https:\/\/armstrongyregion.com.ar\/diario\/wp-json\/wp\/v2\/posts\/15206\/revisions"}],"wp:featuredmedia":[{"embeddable":true,"href":"https:\/\/armstrongyregion.com.ar\/diario\/wp-json\/wp\/v2\/media\/15207"}],"wp:attachment":[{"href":"https:\/\/armstrongyregion.com.ar\/diario\/wp-json\/wp\/v2\/media?parent=15206"}],"wp:term":[{"taxonomy":"category","embeddable":true,"href":"https:\/\/armstrongyregion.com.ar\/diario\/wp-json\/wp\/v2\/categories?post=15206"},{"taxonomy":"post_tag","embeddable":true,"href":"https:\/\/armstrongyregion.com.ar\/diario\/wp-json\/wp\/v2\/tags?post=15206"}],"curies":[{"name":"wp","href":"https:\/\/api.w.org\/{rel}","templated":true}]}}