{"id":15124,"date":"2017-11-02T23:38:08","date_gmt":"2017-11-02T23:38:08","guid":{"rendered":"https:\/\/armstrongyregion.com.ar\/diario\/?p=15124"},"modified":"2017-11-02T23:43:27","modified_gmt":"2017-11-02T23:43:27","slug":"las-rosas-los-robos-no-cesan-se-llevaron-raquetas-de-la-escuela-de-tenis-adaptado","status":"publish","type":"post","link":"https:\/\/armstrongyregion.com.ar\/diario\/las-rosas-los-robos-no-cesan-se-llevaron-raquetas-de-la-escuela-de-tenis-adaptado\/","title":{"rendered":"Las Rosas. Los robos no cesan&#8230;se llevaron raquetas de la Escuela de Tenis Adaptado."},"content":{"rendered":"<p><a href=\"http:\/\/armstrongyregion.com.ar\/diario\/wp-content\/uploads\/2017\/11\/robo-di-santo-.jpg\"><img loading=\"lazy\" decoding=\"async\" src=\"http:\/\/armstrongyregion.com.ar\/diario\/wp-content\/uploads\/2017\/11\/robo-di-santo--1024x523.jpg\" alt=\"robo-di-santo-\" width=\"800\" height=\"409\" class=\"alignnone size-large wp-image-15125\" srcset=\"https:\/\/armstrongyregion.com.ar\/diario\/wp-content\/uploads\/2017\/11\/robo-di-santo--1024x523.jpg 1024w, https:\/\/armstrongyregion.com.ar\/diario\/wp-content\/uploads\/2017\/11\/robo-di-santo--300x153.jpg 300w, https:\/\/armstrongyregion.com.ar\/diario\/wp-content\/uploads\/2017\/11\/robo-di-santo-.jpg 1063w\" sizes=\"auto, (max-width: 800px) 100vw, 800px\" \/><\/a>Ingresaron en el quincho del Club Belgano, donde sustrajeron 11 raquetas que utilizan los chicos que asisten a la escuela de tenis adaptado iniciada hace unos meses.<br \/>\n<a href=\"http:\/\/armstrongyregion.com.ar\/diario\/wp-content\/uploads\/2017\/11\/robo-di-santo-1-.jpg\"><img loading=\"lazy\" decoding=\"async\" src=\"http:\/\/armstrongyregion.com.ar\/diario\/wp-content\/uploads\/2017\/11\/robo-di-santo-1-.jpg\" alt=\"robo-di-santo-1-\" width=\"960\" height=\"540\" class=\"alignnone size-full wp-image-15126\" srcset=\"https:\/\/armstrongyregion.com.ar\/diario\/wp-content\/uploads\/2017\/11\/robo-di-santo-1-.jpg 960w, https:\/\/armstrongyregion.com.ar\/diario\/wp-content\/uploads\/2017\/11\/robo-di-santo-1--300x169.jpg 300w\" sizes=\"auto, (max-width: 960px) 100vw, 960px\" \/><\/a>Un nuevo robo se registro en Las Rosas, en esta oportunidad deja una sensaci\u00f3n quiz\u00e1s m\u00e1s amarga. Se trata de los elementos que utilizan los chicos del tenis adaptado por practicar ese deporte, lo cual les d\u00e1 un valor que supera lo econ\u00f3mico. Ocurri\u00f3 probablemente en la noche de este lunes.<br \/>\nComo un usuario de facebook escribi\u00f3: \u00absi alguien les ofrece una raqueta a precio irrisorio por favor no compren y denuncien&#8230;Ya que no se pudo evitar el robo al menos entre nosotros evitemos el comercio ilegal&#8230;\u00bb<br \/>\nRepondr\u00e1s las raquetas. Pocas horas despu\u00e9s, Marcos A. Di Santo public\u00f3 en su facebook : \u00abComo coordinador y nexo de la Fundaci\u00f3n \u00abESTAR\u00bb en la escuela de #Tenis #Adaptado de Las Rosas que se desarrolla en las instalaciones del Belgrano Atl\u00e9tico quiero comunicarles que ante lo acontecido en la madrugada de hoy con el robo de raquetas de #Tenis,el presidente de dicha Fundaci\u00f3n Eduardo Chokly Schwank nos comunico que est\u00e1 enterado de lo ocurrido y que en el transcurso de esta semana ser\u00e1n repuestos los elementos de los #Deportistas. LO QUE IMPORTA ES QUE NUNCA DEJEN DE JUGAR, fueron sus palabras. Gracias !!<\/p>\n","protected":false},"excerpt":{"rendered":"<p>Ingresaron en el quincho del Club Belgano, donde sustrajeron 11 raquetas que utilizan los chicos que asisten a la escuela de tenis adaptado iniciada hace unos meses. Un nuevo robo se registro en Las Rosas, en esta oportunidad deja una sensaci\u00f3n quiz\u00e1s m\u00e1s amarga. Se trata de los elementos que utilizan los chicos del tenis <a href=\"https:\/\/armstrongyregion.com.ar\/diario\/las-rosas-los-robos-no-cesan-se-llevaron-raquetas-de-la-escuela-de-tenis-adaptado\/\" title=\"Read more\" >&#8230;<\/a><\/p>\n","protected":false},"author":1,"featured_media":15125,"comment_status":"open","ping_status":"open","sticky":false,"template":"","format":"standard","meta":{"_jetpack_memberships_contains_paid_content":false,"footnotes":"","jetpack_publicize_message":"","jetpack_publicize_feature_enabled":true,"jetpack_social_post_already_shared":false,"jetpack_social_options":{"image_generator_settings":{"template":"highway","default_image_id":0,"enabled":false},"version":2}},"categories":[8,5,1,2],"tags":[6090],"class_list":["post-15124","post","type-post","status-publish","format-standard","has-post-thumbnail","hentry","category-deliberando","category-deportes","category-diario-armstrong","category-locales","tag-las-rosas-los-robos-no-cesan-se-llevaron-raquetas-de-la-escuela-de-tenis-adaptado"],"jetpack_publicize_connections":[],"jetpack_featured_media_url":"https:\/\/armstrongyregion.com.ar\/diario\/wp-content\/uploads\/2017\/11\/robo-di-santo-.jpg","jetpack_shortlink":"https:\/\/wp.me\/p62QDO-3VW","jetpack_sharing_enabled":true,"amp_enabled":true,"_links":{"self":[{"href":"https:\/\/armstrongyregion.com.ar\/diario\/wp-json\/wp\/v2\/posts\/15124","targetHints":{"allow":["GET"]}}],"collection":[{"href":"https:\/\/armstrongyregion.com.ar\/diario\/wp-json\/wp\/v2\/posts"}],"about":[{"href":"https:\/\/armstrongyregion.com.ar\/diario\/wp-json\/wp\/v2\/types\/post"}],"author":[{"embeddable":true,"href":"https:\/\/armstrongyregion.com.ar\/diario\/wp-json\/wp\/v2\/users\/1"}],"replies":[{"embeddable":true,"href":"https:\/\/armstrongyregion.com.ar\/diario\/wp-json\/wp\/v2\/comments?post=15124"}],"version-history":[{"count":0,"href":"https:\/\/armstrongyregion.com.ar\/diario\/wp-json\/wp\/v2\/posts\/15124\/revisions"}],"wp:featuredmedia":[{"embeddable":true,"href":"https:\/\/armstrongyregion.com.ar\/diario\/wp-json\/wp\/v2\/media\/15125"}],"wp:attachment":[{"href":"https:\/\/armstrongyregion.com.ar\/diario\/wp-json\/wp\/v2\/media?parent=15124"}],"wp:term":[{"taxonomy":"category","embeddable":true,"href":"https:\/\/armstrongyregion.com.ar\/diario\/wp-json\/wp\/v2\/categories?post=15124"},{"taxonomy":"post_tag","embeddable":true,"href":"https:\/\/armstrongyregion.com.ar\/diario\/wp-json\/wp\/v2\/tags?post=15124"}],"curies":[{"name":"wp","href":"https:\/\/api.w.org\/{rel}","templated":true}]}}