{"id":15101,"date":"2017-10-31T20:43:38","date_gmt":"2017-10-31T20:43:38","guid":{"rendered":"https:\/\/armstrongyregion.com.ar\/diario\/?p=15101"},"modified":"2017-10-31T20:47:52","modified_gmt":"2017-10-31T20:47:52","slug":"macri-corto-cintas-obra-hidrica-en-tortugas-y-aceria-en-perez","status":"publish","type":"post","link":"https:\/\/armstrongyregion.com.ar\/diario\/macri-corto-cintas-obra-hidrica-en-tortugas-y-aceria-en-perez\/","title":{"rendered":"Macri cort\u00f3 cintas:  obra h\u00eddrica en Tortugas y acer\u00eda en P\u00e9rez."},"content":{"rendered":"<p><a href=\"http:\/\/armstrongyregion.com.ar\/diario\/wp-content\/uploads\/2017\/10\/Macri-Miguel.jpg\"><img loading=\"lazy\" decoding=\"async\" src=\"http:\/\/armstrongyregion.com.ar\/diario\/wp-content\/uploads\/2017\/10\/Macri-Miguel.jpg\" alt=\"Macri-Miguel\" width=\"768\" height=\"487\" class=\"alignnone size-full wp-image-15102\" srcset=\"https:\/\/armstrongyregion.com.ar\/diario\/wp-content\/uploads\/2017\/10\/Macri-Miguel.jpg 768w, https:\/\/armstrongyregion.com.ar\/diario\/wp-content\/uploads\/2017\/10\/Macri-Miguel-300x190.jpg 300w\" sizes=\"auto, (max-width: 768px) 100vw, 768px\" \/><\/a>Luego de anunciar un plan de reformas estructurales para los pr\u00f3ximos dos a\u00f1os, Macri se peg\u00f3 una vuelta por Santa Fe para inaugurar dos obras de envergadura.<br \/>\nEl presidente Mauricio Macri volvi\u00f3 este martes a Santa Fe para estar presente en la inauguraci\u00f3n de la planta de acero Gerdau en la ciudad de P\u00e9rez, y de obras h\u00eddricas en Tortugas, para reducir el impacto de las inundaciones en el centro oeste de la provincia. <\/p>\n<p><a href=\"http:\/\/armstrongyregion.com.ar\/diario\/wp-content\/uploads\/2017\/10\/Macri-Viozzi-.jpg\"><img loading=\"lazy\" decoding=\"async\" src=\"http:\/\/armstrongyregion.com.ar\/diario\/wp-content\/uploads\/2017\/10\/Macri-Viozzi-.jpg\" alt=\"Macri-Viozzi-\" width=\"768\" height=\"579\" class=\"alignnone size-full wp-image-15103\" srcset=\"https:\/\/armstrongyregion.com.ar\/diario\/wp-content\/uploads\/2017\/10\/Macri-Viozzi-.jpg 768w, https:\/\/armstrongyregion.com.ar\/diario\/wp-content\/uploads\/2017\/10\/Macri-Viozzi--300x226.jpg 300w\" sizes=\"auto, (max-width: 768px) 100vw, 768px\" \/><\/a>El primer turno fue en esta localidad cercana al l\u00edmite con C\u00f3rdoba, donde pudo observar las m\u00e1quinas en el comienzo de los trabajos en el dragado del canal San Antonio. All\u00ed, Macri estuvo acompa\u00f1ado por los gobernadores de Santa Fe, Miguel Lifschitz y de C\u00f3rdoba, Juan Schiaretti.El anfitri\u00f3n Pte Comunal de Tortugas Humberto Viozzi.<\/p>\n<p>El presidente afirm\u00f3 que \u201ca\u00f1os de improvisaci\u00f3n y de no mitigar los problemas del cambio clim\u00e1tico, transformaron el agua y las lluvias en una pesadilla para muchas localidades\u201d y anunci\u00f3 que \u201cdespu\u00e9s de 40 a\u00f1os\u201d, comienzan las obras en el canal San Antonio.<\/p>\n<p>\u201cEstamos trayendo una soluci\u00f3n que se espera desde hace muchos a\u00f1os. Hace a\u00f1os que se quiere recuperar la tranquilidad para que cada vez que llueva sea una bendici\u00f3n y no un problema que genere angustia. Si trabajamos juntos podemos transformar el agua en una posibilidad\u201d, dijo, y aclar\u00f3 que  la obra ayudar\u00e1 a resolver el problema para 25 mil personas de la zona y medio mill\u00f3n de hect\u00e1reas que pasar\u00e1n a estar seguras.<br \/>\nLuego, el presidente se traslad\u00f3 hasta P\u00e9rez, donde se inaugur\u00f3 una nueva acer\u00eda de la compa\u00f1\u00eda brasile\u00f1a Gerdau, que producir\u00e1 aceros largos y especiales, abocada principalmente para el mercado interno aunque no descartan exportar en el futuro.<\/p>\n<p><a href=\"http:\/\/armstrongyregion.com.ar\/diario\/wp-content\/uploads\/2017\/10\/aceria-.jpeg\"><img loading=\"lazy\" decoding=\"async\" src=\"http:\/\/armstrongyregion.com.ar\/diario\/wp-content\/uploads\/2017\/10\/aceria--1024x577.jpeg\" alt=\"aceria-\" width=\"800\" height=\"451\" class=\"alignnone size-large wp-image-15104\" srcset=\"https:\/\/armstrongyregion.com.ar\/diario\/wp-content\/uploads\/2017\/10\/aceria--1024x577.jpeg 1024w, https:\/\/armstrongyregion.com.ar\/diario\/wp-content\/uploads\/2017\/10\/aceria--300x169.jpeg 300w, https:\/\/armstrongyregion.com.ar\/diario\/wp-content\/uploads\/2017\/10\/aceria-.jpeg 1031w\" sizes=\"auto, (max-width: 800px) 100vw, 800px\" \/><\/a>La empresa multinacional es en la actualidad el principal empleador privado de P\u00e9rez, porque explota la planta de laminaci\u00f3n de la ex Sipar, a 6 kil\u00f3metros de la nueva f\u00e1brica. La obra comenz\u00f3 en 2014 y demand\u00f3 un total de 232 millones de d\u00f3lares. Emple\u00f3 a 1000 trabajadores durante la construcci\u00f3n de la planta, y ahora dar\u00e1 empleo a 800 personas, entre puestos directos e indirectos, seg\u00fan promocionaron desde la empresa.<\/p>\n<p>\u00abVa a aumentar la capacidad productiva de acero largo en el pa\u00eds en un 35%\u00bb, afirm\u00f3 Javier Fern\u00e1ndez Locardo, director de la firma en Argentina y Uruguay, luego estim\u00f3 una producci\u00f3n anual de 650 mil toneladas. \u00abQueremos acompa\u00f1ar el crecimiento argentino en este c\u00edrculo econ\u00f3mico virtuoso\u00bb, agreg\u00f3 Locardo.<\/p>\n<p>El principal objetivo de la nueva planta fue sustituir importaciones, algo que se muestra como una dura competencia para la firma. Al respecto, el ejecutivo consider\u00f3: \u00abChina es una amenaza. Pero no hay presencia a\u00fan de acero chino en el pa\u00eds. Aunque el riesgo siempre est\u00e1\u00bb.<br \/>\nFuente: Rosario Plus.<\/p>\n","protected":false},"excerpt":{"rendered":"<p>Luego de anunciar un plan de reformas estructurales para los pr\u00f3ximos dos a\u00f1os, Macri se peg\u00f3 una vuelta por Santa Fe para inaugurar dos obras de envergadura. El presidente Mauricio Macri volvi\u00f3 este martes a Santa Fe para estar presente en la inauguraci\u00f3n de la planta de acero Gerdau en la ciudad de P\u00e9rez, y <a href=\"https:\/\/armstrongyregion.com.ar\/diario\/macri-corto-cintas-obra-hidrica-en-tortugas-y-aceria-en-perez\/\" title=\"Read more\" >&#8230;<\/a><\/p>\n","protected":false},"author":1,"featured_media":15102,"comment_status":"open","ping_status":"open","sticky":false,"template":"","format":"standard","meta":{"_jetpack_memberships_contains_paid_content":false,"footnotes":"","jetpack_publicize_message":"","jetpack_publicize_feature_enabled":true,"jetpack_social_post_already_shared":false,"jetpack_social_options":{"image_generator_settings":{"template":"highway","default_image_id":0,"enabled":false},"version":2}},"categories":[1,2,7,3],"tags":[6084],"class_list":["post-15101","post","type-post","status-publish","format-standard","has-post-thumbnail","hentry","category-diario-armstrong","category-locales","category-politica","category-region","tag-macri-corto-cintas-obra-hidrica-en-tortugas-y-aceria-en-perez"],"jetpack_publicize_connections":[],"jetpack_featured_media_url":"https:\/\/armstrongyregion.com.ar\/diario\/wp-content\/uploads\/2017\/10\/Macri-Miguel.jpg","jetpack_shortlink":"https:\/\/wp.me\/p62QDO-3Vz","jetpack_sharing_enabled":true,"amp_enabled":true,"_links":{"self":[{"href":"https:\/\/armstrongyregion.com.ar\/diario\/wp-json\/wp\/v2\/posts\/15101","targetHints":{"allow":["GET"]}}],"collection":[{"href":"https:\/\/armstrongyregion.com.ar\/diario\/wp-json\/wp\/v2\/posts"}],"about":[{"href":"https:\/\/armstrongyregion.com.ar\/diario\/wp-json\/wp\/v2\/types\/post"}],"author":[{"embeddable":true,"href":"https:\/\/armstrongyregion.com.ar\/diario\/wp-json\/wp\/v2\/users\/1"}],"replies":[{"embeddable":true,"href":"https:\/\/armstrongyregion.com.ar\/diario\/wp-json\/wp\/v2\/comments?post=15101"}],"version-history":[{"count":0,"href":"https:\/\/armstrongyregion.com.ar\/diario\/wp-json\/wp\/v2\/posts\/15101\/revisions"}],"wp:featuredmedia":[{"embeddable":true,"href":"https:\/\/armstrongyregion.com.ar\/diario\/wp-json\/wp\/v2\/media\/15102"}],"wp:attachment":[{"href":"https:\/\/armstrongyregion.com.ar\/diario\/wp-json\/wp\/v2\/media?parent=15101"}],"wp:term":[{"taxonomy":"category","embeddable":true,"href":"https:\/\/armstrongyregion.com.ar\/diario\/wp-json\/wp\/v2\/categories?post=15101"},{"taxonomy":"post_tag","embeddable":true,"href":"https:\/\/armstrongyregion.com.ar\/diario\/wp-json\/wp\/v2\/tags?post=15101"}],"curies":[{"name":"wp","href":"https:\/\/api.w.org\/{rel}","templated":true}]}}