{"id":15093,"date":"2017-10-31T11:34:32","date_gmt":"2017-10-31T11:34:32","guid":{"rendered":"https:\/\/armstrongyregion.com.ar\/diario\/?p=15093"},"modified":"2017-10-31T11:34:32","modified_gmt":"2017-10-31T11:34:32","slug":"deliberando-dirigentes-politicos-que-fueron-respaldados-con-los-votos-en-las-ultimas-elecciones","status":"publish","type":"post","link":"https:\/\/armstrongyregion.com.ar\/diario\/deliberando-dirigentes-politicos-que-fueron-respaldados-con-los-votos-en-las-ultimas-elecciones\/","title":{"rendered":"DELIBERANDO, dirigentes pol\u00edticos que fueron respaldados con los votos en las \u00faltimas elecciones."},"content":{"rendered":"<p><a href=\"http:\/\/armstrongyregion.com.ar\/diario\/wp-content\/uploads\/2017\/10\/DSC_0996.jpg\"><img loading=\"lazy\" decoding=\"async\" src=\"http:\/\/armstrongyregion.com.ar\/diario\/wp-content\/uploads\/2017\/10\/DSC_0996-1024x683.jpg\" alt=\"Fabian-Cejas-\" width=\"800\" height=\"534\" class=\"alignnone size-large wp-image-15094\" srcset=\"https:\/\/armstrongyregion.com.ar\/diario\/wp-content\/uploads\/2017\/10\/DSC_0996-1024x683.jpg 1024w, https:\/\/armstrongyregion.com.ar\/diario\/wp-content\/uploads\/2017\/10\/DSC_0996-300x200.jpg 300w\" sizes=\"auto, (max-width: 800px) 100vw, 800px\" \/><\/a>La comunidad de Correa, ratific\u00f3 con su voto el trabajo que viene realizando del presidente comunal Fabi\u00e1n Cejas, lo que le permitir\u00e1 proseguir con lo trazado en su gesti\u00f3n.<br \/>\nEn el orden armtronense, una nueva figura se sumar\u00e1 al concejo deliberante de la ciudad. Se trata de quien era el candidato a concejal por el PJ, Guillermo Marconi. Contar\u00e1 sus sensaciones y el trabajo que ha planeado desarrollar en el cuerpo deliberativo.<br \/>\n<a href=\"http:\/\/armstrongyregion.com.ar\/diario\/wp-content\/uploads\/2017\/10\/DSC_1000.jpg\"><img loading=\"lazy\" decoding=\"async\" src=\"http:\/\/armstrongyregion.com.ar\/diario\/wp-content\/uploads\/2017\/10\/DSC_1000-1024x683.jpg\" alt=\"Guillermo-Marconi1-\" width=\"800\" height=\"534\" class=\"alignnone size-large wp-image-15095\" srcset=\"https:\/\/armstrongyregion.com.ar\/diario\/wp-content\/uploads\/2017\/10\/DSC_1000-1024x683.jpg 1024w, https:\/\/armstrongyregion.com.ar\/diario\/wp-content\/uploads\/2017\/10\/DSC_1000-300x200.jpg 300w\" sizes=\"auto, (max-width: 800px) 100vw, 800px\" \/><\/a><a href=\"http:\/\/armstrongyregion.com.ar\/diario\/wp-content\/uploads\/2017\/10\/DSC_1005.jpg\"><img loading=\"lazy\" decoding=\"async\" src=\"http:\/\/armstrongyregion.com.ar\/diario\/wp-content\/uploads\/2017\/10\/DSC_1005-1024x683.jpg\" alt=\"Pablo-Verdecchia-Deliberando-\" width=\"800\" height=\"534\" class=\"alignnone size-large wp-image-15096\" srcset=\"https:\/\/armstrongyregion.com.ar\/diario\/wp-content\/uploads\/2017\/10\/DSC_1005-1024x683.jpg 1024w, https:\/\/armstrongyregion.com.ar\/diario\/wp-content\/uploads\/2017\/10\/DSC_1005-300x200.jpg 300w\" sizes=\"auto, (max-width: 800px) 100vw, 800px\" \/><\/a>El Dr. Pablo Verdecchia, seguir\u00e1 un nuevo periodo al frente de la intendencia de Armstrong. Har\u00e1 el repaso del significado de este triunfo y los puntos fundamentales en la prosecuci\u00f3n de lo que se ven\u00eda realizando.<br \/>\nTodo este martes en DELIBERANDO, con la conducci\u00f3n de la licenciada Graciela de la Casa \u2013 Ezequiel Piccoli- Oscar Crispino.<\/p>\n","protected":false},"excerpt":{"rendered":"<p>La comunidad de Correa, ratific\u00f3 con su voto el trabajo que viene realizando del presidente comunal Fabi\u00e1n Cejas, lo que le permitir\u00e1 proseguir con lo trazado en su gesti\u00f3n. En el orden armtronense, una nueva figura se sumar\u00e1 al concejo deliberante de la ciudad. Se trata de quien era el candidato a concejal por el <a href=\"https:\/\/armstrongyregion.com.ar\/diario\/deliberando-dirigentes-politicos-que-fueron-respaldados-con-los-votos-en-las-ultimas-elecciones\/\" title=\"Read more\" >&#8230;<\/a><\/p>\n","protected":false},"author":1,"featured_media":15094,"comment_status":"open","ping_status":"open","sticky":false,"template":"","format":"standard","meta":{"_jetpack_memberships_contains_paid_content":false,"footnotes":"","jetpack_publicize_message":"","jetpack_publicize_feature_enabled":true,"jetpack_social_post_already_shared":false,"jetpack_social_options":{"image_generator_settings":{"template":"highway","default_image_id":0,"enabled":false},"version":2}},"categories":[8,1,2819,7,3],"tags":[44,6082],"class_list":["post-15093","post","type-post","status-publish","format-standard","has-post-thumbnail","hentry","category-deliberando","category-diario-armstrong","category-el-pais","category-politica","category-region","tag-deliberando-2","tag-dirigentes-politicos-que-fueron-respaldados-con-los-votos-en-las-ultimas-elecciones"],"jetpack_publicize_connections":[],"jetpack_featured_media_url":"https:\/\/armstrongyregion.com.ar\/diario\/wp-content\/uploads\/2017\/10\/DSC_0996.jpg","jetpack_shortlink":"https:\/\/wp.me\/p62QDO-3Vr","jetpack_sharing_enabled":true,"amp_enabled":true,"_links":{"self":[{"href":"https:\/\/armstrongyregion.com.ar\/diario\/wp-json\/wp\/v2\/posts\/15093","targetHints":{"allow":["GET"]}}],"collection":[{"href":"https:\/\/armstrongyregion.com.ar\/diario\/wp-json\/wp\/v2\/posts"}],"about":[{"href":"https:\/\/armstrongyregion.com.ar\/diario\/wp-json\/wp\/v2\/types\/post"}],"author":[{"embeddable":true,"href":"https:\/\/armstrongyregion.com.ar\/diario\/wp-json\/wp\/v2\/users\/1"}],"replies":[{"embeddable":true,"href":"https:\/\/armstrongyregion.com.ar\/diario\/wp-json\/wp\/v2\/comments?post=15093"}],"version-history":[{"count":0,"href":"https:\/\/armstrongyregion.com.ar\/diario\/wp-json\/wp\/v2\/posts\/15093\/revisions"}],"wp:featuredmedia":[{"embeddable":true,"href":"https:\/\/armstrongyregion.com.ar\/diario\/wp-json\/wp\/v2\/media\/15094"}],"wp:attachment":[{"href":"https:\/\/armstrongyregion.com.ar\/diario\/wp-json\/wp\/v2\/media?parent=15093"}],"wp:term":[{"taxonomy":"category","embeddable":true,"href":"https:\/\/armstrongyregion.com.ar\/diario\/wp-json\/wp\/v2\/categories?post=15093"},{"taxonomy":"post_tag","embeddable":true,"href":"https:\/\/armstrongyregion.com.ar\/diario\/wp-json\/wp\/v2\/tags?post=15093"}],"curies":[{"name":"wp","href":"https:\/\/api.w.org\/{rel}","templated":true}]}}