{"id":15065,"date":"2017-10-30T09:50:47","date_gmt":"2017-10-30T09:50:47","guid":{"rendered":"https:\/\/armstrongyregion.com.ar\/diario\/?p=15065"},"modified":"2017-10-30T09:50:47","modified_gmt":"2017-10-30T09:50:47","slug":"macri-presenta-su-plan-de-reformas-y-medidas-economicas","status":"publish","type":"post","link":"https:\/\/armstrongyregion.com.ar\/diario\/macri-presenta-su-plan-de-reformas-y-medidas-economicas\/","title":{"rendered":"Macri presenta su plan de reformas y medidas econ\u00f3micas."},"content":{"rendered":"<p><a href=\"http:\/\/armstrongyregion.com.ar\/diario\/wp-content\/uploads\/2017\/10\/macri_jpg_1572130063.jpg_1305449671.jpg\"><img loading=\"lazy\" decoding=\"async\" src=\"http:\/\/armstrongyregion.com.ar\/diario\/wp-content\/uploads\/2017\/10\/macri_jpg_1572130063.jpg_1305449671.jpg\" alt=\"macri_jpg_1572130063\" width=\"847\" height=\"476\" class=\"alignnone size-full wp-image-15066\" srcset=\"https:\/\/armstrongyregion.com.ar\/diario\/wp-content\/uploads\/2017\/10\/macri_jpg_1572130063.jpg_1305449671.jpg 847w, https:\/\/armstrongyregion.com.ar\/diario\/wp-content\/uploads\/2017\/10\/macri_jpg_1572130063.jpg_1305449671-300x169.jpg 300w\" sizes=\"auto, (max-width: 847px) 100vw, 847px\" \/><\/a>El presidente encabezar\u00e1 este lunes un encuentro con referentes de la oposici\u00f3n, empresarios, sindicalismo, universidades y funcionarios judiciales. Se anunciar\u00edan modificaciones en c\u00e1lculo de jubilaciones y ejes de las reformas laboral y tributaria. Organizaciones anunciaron marchas.<br \/>\nTras quedar el oficialismo fortalecido por las elecciones legislativas del domingo pasado, el presidente Mauricio Macri encabezar\u00e1 este lunes un encuentro en el Centro Cultural Kirchner en donde presentar\u00e1 un conjunto de pol\u00edticas p\u00fablicas ante m\u00e1s de 150 representantes de la oposici\u00f3n, empresarios, sectores eclesi\u00e1sticos, sindicalismo, universidades y funcionarios judiciales.<br \/>\nSe trata de una serie de propuestas para promover consensos en torno a pol\u00edticas p\u00fablicas que, seg\u00fan el oficialismo, \u201capuntar\u00e1n a generar empleo, dar sustentabilidad a la econom\u00eda y, sobre esa l\u00ednea, avanzar en la reducci\u00f3n de la pobreza\u201d.<\/p>\n<p>Macri hablar\u00e1 de la necesidad del equilibrio fiscal, tanto en el Ejecutivo nacional como en las provincias, y hasta en los municipios; el trabajo privado como eje para combatir la pobreza (animar\u00e1 a discutir el blanqueo laboral y pensar una reforma con la oposici\u00f3n y los sindicatos), un gobierno \u201cintegrado al mundo\u201d (repensar la estrategia econ\u00f3mica para aumentar exportaciones), y hasta plantear\u00e1 la baja gradual de impuestos para incentivar la producci\u00f3n y el consumo.<\/p>\n<p>Desde las 11.45, en el CCK, escuchar\u00e1n al presidente los gobernadores, autoridades del gabinete nacional y de las c\u00e1maras parlamentarias, y ministros de la Corte Suprema de Justicia y representantes del empresariado, el sindicalismo y las universidades.<\/p>\n<p>En el encuentro multisectoral tambi\u00e9n est\u00e1 prevista la presencia de dirigentes sindicales, cuya c\u00fapula de la CGT ya tuvo un encuentro previo con el ministro de Trabajo, Jorge Triaca, para encauzar negociaciones en torno a una eventual reforma laboral impulsada por el gobierno.<\/p>\n<p>Los cambios que se anunciar\u00edan<\/p>\n<p>Seg\u00fan public\u00f3 este domingo el diario Clar\u00edn, Macri anunciar\u00eda este lunes un plan para cambiar la f\u00f3rmula que determina el ajuste de los haberes jubilatorios, de las pensiones y dem\u00e1s prestaciones sociales, que actualmente se hace cada seis meses.<\/p>\n<p>Un proyecto de ley apuntar\u00eda a cambiar la ley de Movilidad de 2009 para actualizar la jubilaci\u00f3n por la inflaci\u00f3n oficial y de manera trimestral. El gobierno conf\u00eda en que el costo de vida ir\u00e1 desaceler\u00e1ndose a\u00f1o a a\u00f1o y aspira a que los haberes acompa\u00f1en esa baja.<\/p>\n<p>Adem\u00e1s, el Ejecutivo trabaja para impulsar la eliminaci\u00f3n de aportes patronales para los salarios menores a $ 10.000.<\/p>\n<p>Se eval\u00faa extender la licencia para los padres recientes y otorgar la posibilidad de un mes al a\u00f1o sin goce de sueldo.<\/p>\n<p>Tambi\u00e9n se anunciar\u00edan nuevos aumentos de tarifas, la intenci\u00f3n de gravar las inversiones mayores a $1,4 millones en bonos, plazos fijos y Lebacs, el cobro de IVA a servicios de empresas no radicadas en el pa\u00eds (caso Netflix) y reducir la al\u00edcuota de Ganancias de 35% a 25% para empresas que reinviertan las utilidades.<\/p>\n<p>La previa<\/p>\n<p>Macri deline\u00f3 a mediados de la semana pasada el paquete de medidas que presentar\u00e1 en el encuentro multisectoral en un almuerzo del que participaron miembros de su gabinete econ\u00f3mico y los principales referentes de Cambiemos, entre ellos, gobernadores de su fuerza, como Mar\u00eda Eugenia Vidal (Buenos aires), Alfredo Cornejo (Mendoza), Ricardo Colombi (Corrientes) y Gerardo Morales (Jujuy).<\/p>\n<p>Los titulares del PRO, Humberto Schiavoni, y de la UCR, Jos\u00e9 Corral, fueron los voceros designados para el di\u00e1logo con los periodistas acreditados, a quienes confirmaron que, adem\u00e1s del encuentro del lunes con todos los sectores, habr\u00e1 otra reuni\u00f3n, el jueves 9 de noviembre, a la que est\u00e1n convocados s\u00f3lo los gobernadores, con el fin de analizar aspectos fiscales e impositivos con vistas a una reforma tributaria.<\/p>\n<p>La oposici\u00f3n y las marchas<\/p>\n<p>Desde la oposici\u00f3n, algunos bloques ya se hicieron eco y, en el caso del Interbloque UNA (el massismo junto a los representantes del dirigente cordob\u00e9s Jos\u00e9 Manuel de la Sota) se inform\u00f3 que asistir\u00e1n en representaci\u00f3n del mismo los diputados Felipe Sol\u00e1 y Marco Lavagna.<\/p>\n<p>Mientras algunos movimientos sociales, como el CTEP, Barrios de Pie y la CCC, preparan para este lunes una manifestaci\u00f3n frente al CCK en repudio por la no inclusi\u00f3n de esas organizaciones en el encuentro, el jefe del bloque del Frente para la Victoria en Diputados, H\u00e9ctor Recalde, anunci\u00f3 que no ir\u00e1 a la convocatoria.<br \/>\nRosario3.com<\/p>\n","protected":false},"excerpt":{"rendered":"<p>El presidente encabezar\u00e1 este lunes un encuentro con referentes de la oposici\u00f3n, empresarios, sindicalismo, universidades y funcionarios judiciales. Se anunciar\u00edan modificaciones en c\u00e1lculo de jubilaciones y ejes de las reformas laboral y tributaria. Organizaciones anunciaron marchas. Tras quedar el oficialismo fortalecido por las elecciones legislativas del domingo pasado, el presidente Mauricio Macri encabezar\u00e1 este lunes <a href=\"https:\/\/armstrongyregion.com.ar\/diario\/macri-presenta-su-plan-de-reformas-y-medidas-economicas\/\" title=\"Read more\" >&#8230;<\/a><\/p>\n","protected":false},"author":1,"featured_media":15066,"comment_status":"open","ping_status":"open","sticky":false,"template":"","format":"standard","meta":{"_jetpack_memberships_contains_paid_content":false,"footnotes":"","jetpack_publicize_message":"","jetpack_publicize_feature_enabled":true,"jetpack_social_post_already_shared":false,"jetpack_social_options":{"image_generator_settings":{"template":"highway","default_image_id":0,"enabled":false},"version":2}},"categories":[1,2,7,3],"tags":[6074],"class_list":["post-15065","post","type-post","status-publish","format-standard","has-post-thumbnail","hentry","category-diario-armstrong","category-locales","category-politica","category-region","tag-macri-presenta-su-plan-de-reformas-y-medidas-economicas"],"jetpack_publicize_connections":[],"jetpack_featured_media_url":"https:\/\/armstrongyregion.com.ar\/diario\/wp-content\/uploads\/2017\/10\/macri_jpg_1572130063.jpg_1305449671.jpg","jetpack_shortlink":"https:\/\/wp.me\/p62QDO-3UZ","jetpack_sharing_enabled":true,"amp_enabled":true,"_links":{"self":[{"href":"https:\/\/armstrongyregion.com.ar\/diario\/wp-json\/wp\/v2\/posts\/15065","targetHints":{"allow":["GET"]}}],"collection":[{"href":"https:\/\/armstrongyregion.com.ar\/diario\/wp-json\/wp\/v2\/posts"}],"about":[{"href":"https:\/\/armstrongyregion.com.ar\/diario\/wp-json\/wp\/v2\/types\/post"}],"author":[{"embeddable":true,"href":"https:\/\/armstrongyregion.com.ar\/diario\/wp-json\/wp\/v2\/users\/1"}],"replies":[{"embeddable":true,"href":"https:\/\/armstrongyregion.com.ar\/diario\/wp-json\/wp\/v2\/comments?post=15065"}],"version-history":[{"count":0,"href":"https:\/\/armstrongyregion.com.ar\/diario\/wp-json\/wp\/v2\/posts\/15065\/revisions"}],"wp:featuredmedia":[{"embeddable":true,"href":"https:\/\/armstrongyregion.com.ar\/diario\/wp-json\/wp\/v2\/media\/15066"}],"wp:attachment":[{"href":"https:\/\/armstrongyregion.com.ar\/diario\/wp-json\/wp\/v2\/media?parent=15065"}],"wp:term":[{"taxonomy":"category","embeddable":true,"href":"https:\/\/armstrongyregion.com.ar\/diario\/wp-json\/wp\/v2\/categories?post=15065"},{"taxonomy":"post_tag","embeddable":true,"href":"https:\/\/armstrongyregion.com.ar\/diario\/wp-json\/wp\/v2\/tags?post=15065"}],"curies":[{"name":"wp","href":"https:\/\/api.w.org\/{rel}","templated":true}]}}