{"id":15059,"date":"2017-10-29T18:01:08","date_gmt":"2017-10-29T18:01:08","guid":{"rendered":"https:\/\/armstrongyregion.com.ar\/diario\/?p=15059"},"modified":"2017-10-29T18:01:08","modified_gmt":"2017-10-29T18:01:08","slug":"cable-imagen-armstrong-celebro-sus-30-anos-con-la-inauguracion-de-un-sum","status":"publish","type":"post","link":"https:\/\/armstrongyregion.com.ar\/diario\/cable-imagen-armstrong-celebro-sus-30-anos-con-la-inauguracion-de-un-sum\/","title":{"rendered":"Cable Imagen Armstrong celebr\u00f3 sus 30 a\u00f1os con la inauguraci\u00f3n de un SUM."},"content":{"rendered":"<p><a href=\"http:\/\/armstrongyregion.com.ar\/diario\/wp-content\/uploads\/2017\/10\/SUMA-1-.jpg\"><img loading=\"lazy\" decoding=\"async\" src=\"http:\/\/armstrongyregion.com.ar\/diario\/wp-content\/uploads\/2017\/10\/SUMA-1-.jpg\" alt=\"SUMA-1-CIA-\" width=\"960\" height=\"540\" class=\"alignnone size-full wp-image-15060\" srcset=\"https:\/\/armstrongyregion.com.ar\/diario\/wp-content\/uploads\/2017\/10\/SUMA-1-.jpg 960w, https:\/\/armstrongyregion.com.ar\/diario\/wp-content\/uploads\/2017\/10\/SUMA-1--300x169.jpg 300w\" sizes=\"auto, (max-width: 960px) 100vw, 960px\" \/><\/a>El pasado viernes 27 de octubre,  en el marco del 30 aniversario de Cable Imagen Armstrong estrenando el SUM, se present\u00f3 un ciclo denominado \u201cExpresiones Cercanas\u201d, con un ida y vuelta inspirativo, entre personas que contaron  su historia y la expusieron  a  quienes la recibieron y relacionaron con la propia.<br \/>\n<a href=\"http:\/\/armstrongyregion.com.ar\/diario\/wp-content\/uploads\/2017\/10\/SUMA-2.jpg\"><img loading=\"lazy\" decoding=\"async\" src=\"http:\/\/armstrongyregion.com.ar\/diario\/wp-content\/uploads\/2017\/10\/SUMA-2.jpg\" alt=\"Erica-Torre-\" width=\"960\" height=\"540\" class=\"alignnone size-full wp-image-15061\" srcset=\"https:\/\/armstrongyregion.com.ar\/diario\/wp-content\/uploads\/2017\/10\/SUMA-2.jpg 960w, https:\/\/armstrongyregion.com.ar\/diario\/wp-content\/uploads\/2017\/10\/SUMA-2-300x169.jpg 300w\" sizes=\"auto, (max-width: 960px) 100vw, 960px\" \/><\/a> Los disertantes estuvieron en el escenario no m\u00e1s de 15 minutos para luego crear una interacci\u00f3n con los presentes.  Erica Torre, Nano Brasca y Daniela Roig fueron los primeros de los cientos que pisaran ese escenario.<br \/>\n<a href=\"http:\/\/armstrongyregion.com.ar\/diario\/wp-content\/uploads\/2017\/10\/SUMA-4-.jpg\"><img loading=\"lazy\" decoding=\"async\" src=\"http:\/\/armstrongyregion.com.ar\/diario\/wp-content\/uploads\/2017\/10\/SUMA-4-.jpg\" alt=\"Osvaldo-Casse-\" width=\"768\" height=\"498\" class=\"alignnone size-full wp-image-15062\" srcset=\"https:\/\/armstrongyregion.com.ar\/diario\/wp-content\/uploads\/2017\/10\/SUMA-4-.jpg 768w, https:\/\/armstrongyregion.com.ar\/diario\/wp-content\/uploads\/2017\/10\/SUMA-4--300x195.jpg 300w\" sizes=\"auto, (max-width: 768px) 100vw, 768px\" \/><\/a>El Ing. Osvaldo Casse, un pionero de CIA y actual socio-gerente en dialogo con los medios locales, expres\u00f3 \u201cadem\u00e1s del empe\u00f1o hace falta personas que interpreten la necesidad de la gente, hace falta tener cerca a las nuevas generaciones y mi dicha es completa porque las nuevas generaciones son mis hijos, sus amigos, sus relaciones y para inaugurar este SUM en vez de un acto acartonado o protocolar, surgi\u00f3 darle rienda suelta a esta idea de que la comunicaci\u00f3n sea un ida y vuelta y eso nos dio la posibilidad de demostrar cual es la inquietud\u201d.<br \/>\nSUMA+ Es un espacio f\u00edsico dotado de la mejor aislaci\u00f3n ac\u00fastica y toda la tecnolog\u00eda del sonido, iluminaci\u00f3n, ambientaci\u00f3n para actividades de capacitaci\u00f3n, presentaci\u00f3n de productos y distintas expresiones art\u00edsticas, culturales y empresarias.<br \/>\nIm\u00e1genes: Jorge Oliva.<\/p>\n","protected":false},"excerpt":{"rendered":"<p>El pasado viernes 27 de octubre, en el marco del 30 aniversario de Cable Imagen Armstrong estrenando el SUM, se present\u00f3 un ciclo denominado \u201cExpresiones Cercanas\u201d, con un ida y vuelta inspirativo, entre personas que contaron su historia y la expusieron a quienes la recibieron y relacionaron con la propia. Los disertantes estuvieron en el <a href=\"https:\/\/armstrongyregion.com.ar\/diario\/cable-imagen-armstrong-celebro-sus-30-anos-con-la-inauguracion-de-un-sum\/\" title=\"Read more\" >&#8230;<\/a><\/p>\n","protected":false},"author":1,"featured_media":15060,"comment_status":"open","ping_status":"open","sticky":false,"template":"","format":"standard","meta":{"_jetpack_memberships_contains_paid_content":false,"footnotes":"","jetpack_publicize_message":"","jetpack_publicize_feature_enabled":true,"jetpack_social_post_already_shared":false,"jetpack_social_options":{"image_generator_settings":{"template":"highway","default_image_id":0,"enabled":false},"version":2}},"categories":[6,8,1,2,3],"tags":[6073],"class_list":["post-15059","post","type-post","status-publish","format-standard","has-post-thumbnail","hentry","category-cultura-entretenimiento","category-deliberando","category-diario-armstrong","category-locales","category-region","tag-cable-imagen-armstrong-celebro-sus-30-anos-con-la-inauguracion-de-un-sum"],"jetpack_publicize_connections":[],"jetpack_featured_media_url":"https:\/\/armstrongyregion.com.ar\/diario\/wp-content\/uploads\/2017\/10\/SUMA-1-.jpg","jetpack_shortlink":"https:\/\/wp.me\/p62QDO-3UT","jetpack_sharing_enabled":true,"amp_enabled":true,"_links":{"self":[{"href":"https:\/\/armstrongyregion.com.ar\/diario\/wp-json\/wp\/v2\/posts\/15059","targetHints":{"allow":["GET"]}}],"collection":[{"href":"https:\/\/armstrongyregion.com.ar\/diario\/wp-json\/wp\/v2\/posts"}],"about":[{"href":"https:\/\/armstrongyregion.com.ar\/diario\/wp-json\/wp\/v2\/types\/post"}],"author":[{"embeddable":true,"href":"https:\/\/armstrongyregion.com.ar\/diario\/wp-json\/wp\/v2\/users\/1"}],"replies":[{"embeddable":true,"href":"https:\/\/armstrongyregion.com.ar\/diario\/wp-json\/wp\/v2\/comments?post=15059"}],"version-history":[{"count":0,"href":"https:\/\/armstrongyregion.com.ar\/diario\/wp-json\/wp\/v2\/posts\/15059\/revisions"}],"wp:featuredmedia":[{"embeddable":true,"href":"https:\/\/armstrongyregion.com.ar\/diario\/wp-json\/wp\/v2\/media\/15060"}],"wp:attachment":[{"href":"https:\/\/armstrongyregion.com.ar\/diario\/wp-json\/wp\/v2\/media?parent=15059"}],"wp:term":[{"taxonomy":"category","embeddable":true,"href":"https:\/\/armstrongyregion.com.ar\/diario\/wp-json\/wp\/v2\/categories?post=15059"},{"taxonomy":"post_tag","embeddable":true,"href":"https:\/\/armstrongyregion.com.ar\/diario\/wp-json\/wp\/v2\/tags?post=15059"}],"curies":[{"name":"wp","href":"https:\/\/api.w.org\/{rel}","templated":true}]}}