{"id":15043,"date":"2017-10-27T15:32:23","date_gmt":"2017-10-27T15:32:23","guid":{"rendered":"https:\/\/armstrongyregion.com.ar\/diario\/?p=15043"},"modified":"2017-10-27T15:32:23","modified_gmt":"2017-10-27T15:32:23","slug":"llega-a-villa-eloisa-charla-sobre-violencia-y-discriminacion-en-el-aula","status":"publish","type":"post","link":"https:\/\/armstrongyregion.com.ar\/diario\/llega-a-villa-eloisa-charla-sobre-violencia-y-discriminacion-en-el-aula\/","title":{"rendered":"Llega a Villa Elo\u00edsa charla sobre violencia y discriminaci\u00f3n en el aula."},"content":{"rendered":"<p><a href=\"http:\/\/armstrongyregion.com.ar\/diario\/wp-content\/uploads\/2017\/10\/rasetto-charlas.jpg\"><img loading=\"lazy\" decoding=\"async\" src=\"http:\/\/armstrongyregion.com.ar\/diario\/wp-content\/uploads\/2017\/10\/rasetto-charlas.jpg\" alt=\"rasetto-charlas\" width=\"768\" height=\"432\" class=\"alignnone size-full wp-image-15044\" srcset=\"https:\/\/armstrongyregion.com.ar\/diario\/wp-content\/uploads\/2017\/10\/rasetto-charlas.jpg 768w, https:\/\/armstrongyregion.com.ar\/diario\/wp-content\/uploads\/2017\/10\/rasetto-charlas-300x169.jpg 300w\" sizes=\"auto, (max-width: 768px) 100vw, 768px\" \/><\/a>Ser\u00e1 el pr\u00f3ximo martes 31 de octubre a las 18,30hs en el Auditorio Comunal de Villa Elo\u00edsa.<br \/>\nPor iniciativa del Senador Rasetto, y organizada en conjunto con la comuna de Villa Elo\u00edsa, se llevar\u00e1 a cabo el taller \u201cIntervenciones en situaciones de violencia y discriminaci\u00f3n en la escuela\u201d, dictado por el Dr. Flavio Rapisardi, del instituto de capacitaci\u00f3n docente del Museo Ana Frank de Buenos Aires. El mismo, que viene de realizarse en las localidades de Totoras, Ca\u00f1adadeG\u00f3mez y Andino con mucho \u00e9xito, se encuentra dirigido a los docentes y padres interesados de la regi\u00f3n, se dictar\u00e1 de forma gratuita el pr\u00f3ximo martes 31 de octubre a las 18.30hs en el auditorio comunal de Villa Elo\u00edsa y tendr\u00e1 una duraci\u00f3n de 2 horas.<\/p>\n","protected":false},"excerpt":{"rendered":"<p>Ser\u00e1 el pr\u00f3ximo martes 31 de octubre a las 18,30hs en el Auditorio Comunal de Villa Elo\u00edsa. Por iniciativa del Senador Rasetto, y organizada en conjunto con la comuna de Villa Elo\u00edsa, se llevar\u00e1 a cabo el taller \u201cIntervenciones en situaciones de violencia y discriminaci\u00f3n en la escuela\u201d, dictado por el Dr. Flavio Rapisardi, del <a href=\"https:\/\/armstrongyregion.com.ar\/diario\/llega-a-villa-eloisa-charla-sobre-violencia-y-discriminacion-en-el-aula\/\" title=\"Read more\" >&#8230;<\/a><\/p>\n","protected":false},"author":1,"featured_media":15044,"comment_status":"open","ping_status":"open","sticky":false,"template":"","format":"standard","meta":{"_jetpack_memberships_contains_paid_content":false,"footnotes":"","jetpack_publicize_message":"","jetpack_publicize_feature_enabled":true,"jetpack_social_post_already_shared":false,"jetpack_social_options":{"image_generator_settings":{"template":"highway","default_image_id":0,"enabled":false},"version":2}},"categories":[6,1,3],"tags":[6068],"class_list":["post-15043","post","type-post","status-publish","format-standard","has-post-thumbnail","hentry","category-cultura-entretenimiento","category-diario-armstrong","category-region","tag-llega-a-villa-eloisa-charla-sobre-violencia-y-discriminacion-en-el-aula"],"jetpack_publicize_connections":[],"jetpack_featured_media_url":"https:\/\/armstrongyregion.com.ar\/diario\/wp-content\/uploads\/2017\/10\/rasetto-charlas.jpg","jetpack_shortlink":"https:\/\/wp.me\/p62QDO-3UD","jetpack_sharing_enabled":true,"amp_enabled":true,"_links":{"self":[{"href":"https:\/\/armstrongyregion.com.ar\/diario\/wp-json\/wp\/v2\/posts\/15043","targetHints":{"allow":["GET"]}}],"collection":[{"href":"https:\/\/armstrongyregion.com.ar\/diario\/wp-json\/wp\/v2\/posts"}],"about":[{"href":"https:\/\/armstrongyregion.com.ar\/diario\/wp-json\/wp\/v2\/types\/post"}],"author":[{"embeddable":true,"href":"https:\/\/armstrongyregion.com.ar\/diario\/wp-json\/wp\/v2\/users\/1"}],"replies":[{"embeddable":true,"href":"https:\/\/armstrongyregion.com.ar\/diario\/wp-json\/wp\/v2\/comments?post=15043"}],"version-history":[{"count":0,"href":"https:\/\/armstrongyregion.com.ar\/diario\/wp-json\/wp\/v2\/posts\/15043\/revisions"}],"wp:featuredmedia":[{"embeddable":true,"href":"https:\/\/armstrongyregion.com.ar\/diario\/wp-json\/wp\/v2\/media\/15044"}],"wp:attachment":[{"href":"https:\/\/armstrongyregion.com.ar\/diario\/wp-json\/wp\/v2\/media?parent=15043"}],"wp:term":[{"taxonomy":"category","embeddable":true,"href":"https:\/\/armstrongyregion.com.ar\/diario\/wp-json\/wp\/v2\/categories?post=15043"},{"taxonomy":"post_tag","embeddable":true,"href":"https:\/\/armstrongyregion.com.ar\/diario\/wp-json\/wp\/v2\/tags?post=15043"}],"curies":[{"name":"wp","href":"https:\/\/api.w.org\/{rel}","templated":true}]}}