{"id":1503,"date":"2015-04-01T00:26:18","date_gmt":"2015-04-01T00:26:18","guid":{"rendered":"https:\/\/armstrongyregion.com.ar\/diario\/?p=1503"},"modified":"2015-04-01T00:26:18","modified_gmt":"2015-04-01T00:26:18","slug":"armstrong-marcha-primer-aniversario-de-la-desaparicion-de-jorge-cejas","status":"publish","type":"post","link":"https:\/\/armstrongyregion.com.ar\/diario\/armstrong-marcha-primer-aniversario-de-la-desaparicion-de-jorge-cejas\/","title":{"rendered":"Armstrong. Marcha Primer Aniversario de la desaparici\u00f3n de Jorge Cejas."},"content":{"rendered":"<p><a href=\"http:\/\/armstrongyregion.com.ar\/diario\/wp-content\/uploads\/2015\/04\/19807_829023070511775_8934926965413746337_n.jpg\"><img loading=\"lazy\" decoding=\"async\" class=\"alignnone size-medium wp-image-1504\" src=\"http:\/\/armstrongyregion.com.ar\/diario\/wp-content\/uploads\/2015\/04\/19807_829023070511775_8934926965413746337_n-300x200.jpg\" alt=\"19807_829023070511775_8934926965413746337_n\" width=\"300\" height=\"200\" srcset=\"https:\/\/armstrongyregion.com.ar\/diario\/wp-content\/uploads\/2015\/04\/19807_829023070511775_8934926965413746337_n-300x200.jpg 300w, https:\/\/armstrongyregion.com.ar\/diario\/wp-content\/uploads\/2015\/04\/19807_829023070511775_8934926965413746337_n.jpg 750w\" sizes=\"auto, (max-width: 300px) 100vw, 300px\" \/><\/a>En la noche de \u00e9ste lunes, al cumplirse un a\u00f1o de la desaparici\u00f3n del empresario Jorge Cejas, se realiz\u00f3 una Marcha de Silencio, por la aparici\u00f3n con vida y en pedido de justicia, por \u00e9ste resonante caso, que todav\u00eda conmueve.<\/p>\n<p>Un grupo de familiares, encabezados por Stella , hija de Jorge Cejas, marcharon desde Plaza Flotron a Plaza San Mart\u00edn.<br \/>\nAl llegar frente a la iglesia. Graciela D\u00edaz, se dirigi\u00f3 a los presentes diciendo: \u00bb Gracias por venir, para Stella y Mar\u00eda Teresa, para Facundo tambi\u00e9n, es un d\u00eda muy importante, se cumple un a\u00f1o que le han llevado al padre, al abuelo, no hay palabras para expresar el dolor que se siente un d\u00eda como hoy&#8230;! \u00bb No sabemos que pas\u00f3, pero vamos a seguir marchando y reclamando, y seguimos confiando en el Fiscal, y en la gente que hizo los allanamientos. Pero a los que hicieron esto, no les import\u00f3 nada, todo lo hicieron por plata. Damos gracias a todos los que est\u00e1n ac\u00e1 esta noche, es muy importante para nosotros&#8230;\u00bb<br \/>\nEn el marco de la informaci\u00f3n que genera \u00e9ste caso, se conoci\u00f3 que dos abogados de Ca\u00f1ada de G\u00f3mez, el Dr. Roberto Frangi ( Civil) y Dr. Mauricio Bongini ( Penal) patrocinar\u00e1n a Stella Cejas a partir de ahora.<\/p>\n","protected":false},"excerpt":{"rendered":"<p>En la noche de \u00e9ste lunes, al cumplirse un a\u00f1o de la desaparici\u00f3n del empresario Jorge Cejas, se realiz\u00f3 una Marcha de Silencio, por la aparici\u00f3n con vida y en pedido de justicia, por \u00e9ste resonante caso, que todav\u00eda conmueve. Un grupo de familiares, encabezados por Stella , hija de Jorge Cejas, marcharon desde Plaza <a href=\"https:\/\/armstrongyregion.com.ar\/diario\/armstrong-marcha-primer-aniversario-de-la-desaparicion-de-jorge-cejas\/\" title=\"Read more\" >&#8230;<\/a><\/p>\n","protected":false},"author":2,"featured_media":1504,"comment_status":"open","ping_status":"open","sticky":false,"template":"","format":"standard","meta":{"_jetpack_memberships_contains_paid_content":false,"footnotes":"","jetpack_publicize_message":"","jetpack_publicize_feature_enabled":true,"jetpack_social_post_already_shared":false,"jetpack_social_options":{"image_generator_settings":{"template":"highway","default_image_id":0,"enabled":false},"version":2}},"categories":[1,2],"tags":[18,1303,274,19,1304,807,31,605],"class_list":["post-1503","post","type-post","status-publish","format-standard","has-post-thumbnail","hentry","category-diario-armstrong","category-locales","tag-aniversario","tag-armstrong-marcha","tag-cejas","tag-de","tag-desaparicion","tag-jorge","tag-la","tag-primer"],"jetpack_publicize_connections":[],"jetpack_featured_media_url":"https:\/\/armstrongyregion.com.ar\/diario\/wp-content\/uploads\/2015\/04\/19807_829023070511775_8934926965413746337_n.jpg","jetpack_shortlink":"https:\/\/wp.me\/p62QDO-of","jetpack_sharing_enabled":true,"amp_enabled":true,"_links":{"self":[{"href":"https:\/\/armstrongyregion.com.ar\/diario\/wp-json\/wp\/v2\/posts\/1503","targetHints":{"allow":["GET"]}}],"collection":[{"href":"https:\/\/armstrongyregion.com.ar\/diario\/wp-json\/wp\/v2\/posts"}],"about":[{"href":"https:\/\/armstrongyregion.com.ar\/diario\/wp-json\/wp\/v2\/types\/post"}],"author":[{"embeddable":true,"href":"https:\/\/armstrongyregion.com.ar\/diario\/wp-json\/wp\/v2\/users\/2"}],"replies":[{"embeddable":true,"href":"https:\/\/armstrongyregion.com.ar\/diario\/wp-json\/wp\/v2\/comments?post=1503"}],"version-history":[{"count":0,"href":"https:\/\/armstrongyregion.com.ar\/diario\/wp-json\/wp\/v2\/posts\/1503\/revisions"}],"wp:featuredmedia":[{"embeddable":true,"href":"https:\/\/armstrongyregion.com.ar\/diario\/wp-json\/wp\/v2\/media\/1504"}],"wp:attachment":[{"href":"https:\/\/armstrongyregion.com.ar\/diario\/wp-json\/wp\/v2\/media?parent=1503"}],"wp:term":[{"taxonomy":"category","embeddable":true,"href":"https:\/\/armstrongyregion.com.ar\/diario\/wp-json\/wp\/v2\/categories?post=1503"},{"taxonomy":"post_tag","embeddable":true,"href":"https:\/\/armstrongyregion.com.ar\/diario\/wp-json\/wp\/v2\/tags?post=1503"}],"curies":[{"name":"wp","href":"https:\/\/api.w.org\/{rel}","templated":true}]}}