{"id":15003,"date":"2017-10-24T11:42:02","date_gmt":"2017-10-24T11:42:02","guid":{"rendered":"https:\/\/armstrongyregion.com.ar\/diario\/?p=15003"},"modified":"2017-10-24T11:42:02","modified_gmt":"2017-10-24T11:42:02","slug":"deliberando-fiestas-regionales-y-seguridad-rosense","status":"publish","type":"post","link":"https:\/\/armstrongyregion.com.ar\/diario\/deliberando-fiestas-regionales-y-seguridad-rosense\/","title":{"rendered":"DELIBERANDO. Fiestas regionales y Seguridad Rosense."},"content":{"rendered":"<p><a href=\"http:\/\/armstrongyregion.com.ar\/diario\/wp-content\/uploads\/2017\/10\/DSC_0976.jpg\"><img loading=\"lazy\" decoding=\"async\" src=\"http:\/\/armstrongyregion.com.ar\/diario\/wp-content\/uploads\/2017\/10\/DSC_0976-1024x683.jpg\" alt=\"Erica- Molteni-\" width=\"800\" height=\"534\" class=\"alignnone size-large wp-image-15004\" srcset=\"https:\/\/armstrongyregion.com.ar\/diario\/wp-content\/uploads\/2017\/10\/DSC_0976-1024x683.jpg 1024w, https:\/\/armstrongyregion.com.ar\/diario\/wp-content\/uploads\/2017\/10\/DSC_0976-300x200.jpg 300w\" sizes=\"auto, (max-width: 800px) 100vw, 800px\" \/><\/a>Los d\u00edas 17,18 y 19 de noviembre se realizara la 14\u00b0 Muestra Pyme Agroindustrial 2017 de la ciudad parejense.  La Directora de Cultura y Educaci\u00f3n Erica Molteni nos informara sobre diversas particularidades como los n\u00fameros musicales, la inclusi\u00f3n de artesanos de la zona, gastronom\u00eda, Shopping,  las diversas charlas que se llevar\u00e1n a cabo para estudiantes, inclusi\u00f3n y juegos para los m\u00e1s peque\u00f1os  y mucho m\u00e1s de lo que ser\u00e1 la pr\u00f3xima mega muestra.<br \/>\n<a href=\"http:\/\/armstrongyregion.com.ar\/diario\/wp-content\/uploads\/2017\/10\/DSC_0980.jpg\"><img loading=\"lazy\" decoding=\"async\" src=\"http:\/\/armstrongyregion.com.ar\/diario\/wp-content\/uploads\/2017\/10\/DSC_0980-1024x683.jpg\" alt=\"Fernando-Butto-\" width=\"800\" height=\"534\" class=\"alignnone size-large wp-image-15005\" srcset=\"https:\/\/armstrongyregion.com.ar\/diario\/wp-content\/uploads\/2017\/10\/DSC_0980-1024x683.jpg 1024w, https:\/\/armstrongyregion.com.ar\/diario\/wp-content\/uploads\/2017\/10\/DSC_0980-300x200.jpg 300w\" sizes=\"auto, (max-width: 800px) 100vw, 800px\" \/><\/a>En una segunda instancia el tema a tratar ser\u00e1 el balance de lo que fue la Fiesta del Mate en la localidad de Las Rosas, Fernando Butto (Secret de Prensa y Difusi\u00f3n) junto a German Ilario (Secret de Servicios P\u00fablicos) nos contaran sobre la organizaci\u00f3n log\u00edstica, y el cierre de esta fiesta netamente rosense, la cual tuvo este a\u00f1o una excelente convocatoria.<br \/>\n<a href=\"http:\/\/armstrongyregion.com.ar\/diario\/wp-content\/uploads\/2017\/10\/DSC_0984.jpg\"><img loading=\"lazy\" decoding=\"async\" src=\"http:\/\/armstrongyregion.com.ar\/diario\/wp-content\/uploads\/2017\/10\/DSC_0984-1024x683.jpg\" alt=\"Javier-Meyer-\" width=\"800\" height=\"534\" class=\"alignnone size-large wp-image-15006\" srcset=\"https:\/\/armstrongyregion.com.ar\/diario\/wp-content\/uploads\/2017\/10\/DSC_0984-1024x683.jpg 1024w, https:\/\/armstrongyregion.com.ar\/diario\/wp-content\/uploads\/2017\/10\/DSC_0984-300x200.jpg 300w\" sizes=\"auto, (max-width: 800px) 100vw, 800px\" \/><\/a>Finalmente cerrara nuestro programa el intendente de Las Rosas Sr. Javier Meyer, quien hablara de avances, proyectos y una tema que le preocupa a su gesti\u00f3n que es la Seguridad y el trabajo que vienen haciendo en prevenci\u00f3n de adicciones.<br \/>\nTodo este martes en DELIBERANDO a las 21,00hs por Cable Imagen Armstrong. Con la conducci\u00f3n de Lic. Graciela De la Casa- Ezequiel Piccoli y Oscar Crispino.<\/p>\n","protected":false},"excerpt":{"rendered":"<p>Los d\u00edas 17,18 y 19 de noviembre se realizara la 14\u00b0 Muestra Pyme Agroindustrial 2017 de la ciudad parejense. La Directora de Cultura y Educaci\u00f3n Erica Molteni nos informara sobre diversas particularidades como los n\u00fameros musicales, la inclusi\u00f3n de artesanos de la zona, gastronom\u00eda, Shopping, las diversas charlas que se llevar\u00e1n a cabo para estudiantes, <a href=\"https:\/\/armstrongyregion.com.ar\/diario\/deliberando-fiestas-regionales-y-seguridad-rosense\/\" title=\"Read more\" >&#8230;<\/a><\/p>\n","protected":false},"author":1,"featured_media":15004,"comment_status":"open","ping_status":"open","sticky":false,"template":"","format":"standard","meta":{"_jetpack_memberships_contains_paid_content":false,"footnotes":"","jetpack_publicize_message":"","jetpack_publicize_feature_enabled":true,"jetpack_social_post_already_shared":false,"jetpack_social_options":{"image_generator_settings":{"template":"highway","default_image_id":0,"enabled":false},"version":2}},"categories":[6,8,1,2,7,3],"tags":[],"class_list":["post-15003","post","type-post","status-publish","format-standard","has-post-thumbnail","hentry","category-cultura-entretenimiento","category-deliberando","category-diario-armstrong","category-locales","category-politica","category-region"],"jetpack_publicize_connections":[],"jetpack_featured_media_url":"https:\/\/armstrongyregion.com.ar\/diario\/wp-content\/uploads\/2017\/10\/DSC_0976.jpg","jetpack_shortlink":"https:\/\/wp.me\/p62QDO-3TZ","jetpack_sharing_enabled":true,"amp_enabled":true,"_links":{"self":[{"href":"https:\/\/armstrongyregion.com.ar\/diario\/wp-json\/wp\/v2\/posts\/15003","targetHints":{"allow":["GET"]}}],"collection":[{"href":"https:\/\/armstrongyregion.com.ar\/diario\/wp-json\/wp\/v2\/posts"}],"about":[{"href":"https:\/\/armstrongyregion.com.ar\/diario\/wp-json\/wp\/v2\/types\/post"}],"author":[{"embeddable":true,"href":"https:\/\/armstrongyregion.com.ar\/diario\/wp-json\/wp\/v2\/users\/1"}],"replies":[{"embeddable":true,"href":"https:\/\/armstrongyregion.com.ar\/diario\/wp-json\/wp\/v2\/comments?post=15003"}],"version-history":[{"count":0,"href":"https:\/\/armstrongyregion.com.ar\/diario\/wp-json\/wp\/v2\/posts\/15003\/revisions"}],"wp:featuredmedia":[{"embeddable":true,"href":"https:\/\/armstrongyregion.com.ar\/diario\/wp-json\/wp\/v2\/media\/15004"}],"wp:attachment":[{"href":"https:\/\/armstrongyregion.com.ar\/diario\/wp-json\/wp\/v2\/media?parent=15003"}],"wp:term":[{"taxonomy":"category","embeddable":true,"href":"https:\/\/armstrongyregion.com.ar\/diario\/wp-json\/wp\/v2\/categories?post=15003"},{"taxonomy":"post_tag","embeddable":true,"href":"https:\/\/armstrongyregion.com.ar\/diario\/wp-json\/wp\/v2\/tags?post=15003"}],"curies":[{"name":"wp","href":"https:\/\/api.w.org\/{rel}","templated":true}]}}