{"id":14962,"date":"2017-10-20T15:49:13","date_gmt":"2017-10-20T15:49:13","guid":{"rendered":"https:\/\/armstrongyregion.com.ar\/diario\/?p=14962"},"modified":"2017-10-20T15:49:13","modified_gmt":"2017-10-20T15:49:13","slug":"las-rosas-cambio-de-jefes-en-la-unidad-regional-iii","status":"publish","type":"post","link":"https:\/\/armstrongyregion.com.ar\/diario\/las-rosas-cambio-de-jefes-en-la-unidad-regional-iii\/","title":{"rendered":"Las Rosas. Cambio de Jefes en la Unidad Regional III."},"content":{"rendered":"<p><a href=\"http:\/\/armstrongyregion.com.ar\/diario\/wp-content\/uploads\/2017\/10\/polic\u00eda-las-rosas-.jpg\"><img loading=\"lazy\" decoding=\"async\" src=\"http:\/\/armstrongyregion.com.ar\/diario\/wp-content\/uploads\/2017\/10\/polic\u00eda-las-rosas-.jpg\" alt=\"polic\u00eda- las-rosas-\" width=\"768\" height=\"492\" class=\"alignnone size-full wp-image-14963\" srcset=\"https:\/\/armstrongyregion.com.ar\/diario\/wp-content\/uploads\/2017\/10\/polic\u00eda-las-rosas-.jpg 768w, https:\/\/armstrongyregion.com.ar\/diario\/wp-content\/uploads\/2017\/10\/polic\u00eda-las-rosas--300x192.jpg 300w\" sizes=\"auto, (max-width: 768px) 100vw, 768px\" \/><\/a>En las pr\u00f3ximas horas se producir\u00eda el cambio de Jefes en la U.R.III, se har\u00eda cargo de la misma el Comisario Ricardo Motta.<br \/>\nRicardo Motta actual Jefe de la U.R.IV Departamento Caseros ser\u00eda el nuevo Jefe de la U.R.III Departamento Belgrano, y Claudio Blazer se trasladar\u00eda al cargo que deje Motta en la Unidad Regional mencionada. Como Sub Jefe de nuestra Regional llegar\u00eda Ariel Sancochia.<br \/>\nLas Rosas Digital.<\/p>\n","protected":false},"excerpt":{"rendered":"<p>En las pr\u00f3ximas horas se producir\u00eda el cambio de Jefes en la U.R.III, se har\u00eda cargo de la misma el Comisario Ricardo Motta. Ricardo Motta actual Jefe de la U.R.IV Departamento Caseros ser\u00eda el nuevo Jefe de la U.R.III Departamento Belgrano, y Claudio Blazer se trasladar\u00eda al cargo que deje Motta en la Unidad Regional <a href=\"https:\/\/armstrongyregion.com.ar\/diario\/las-rosas-cambio-de-jefes-en-la-unidad-regional-iii\/\" title=\"Read more\" >&#8230;<\/a><\/p>\n","protected":false},"author":1,"featured_media":14963,"comment_status":"open","ping_status":"open","sticky":false,"template":"","format":"standard","meta":{"_jetpack_memberships_contains_paid_content":false,"footnotes":"","jetpack_publicize_message":"","jetpack_publicize_feature_enabled":true,"jetpack_social_post_already_shared":false,"jetpack_social_options":{"image_generator_settings":{"template":"highway","default_image_id":0,"enabled":false},"version":2}},"categories":[1,2852,7,3],"tags":[6046],"class_list":["post-14962","post","type-post","status-publish","format-standard","has-post-thumbnail","hentry","category-diario-armstrong","category-policiales","category-politica","category-region","tag-cambio-de-jefes-en-la-unidad-regional-iii"],"jetpack_publicize_connections":[],"jetpack_featured_media_url":"https:\/\/armstrongyregion.com.ar\/diario\/wp-content\/uploads\/2017\/10\/polic\u00eda-las-rosas-.jpg","jetpack_shortlink":"https:\/\/wp.me\/p62QDO-3Tk","jetpack_sharing_enabled":true,"amp_enabled":true,"_links":{"self":[{"href":"https:\/\/armstrongyregion.com.ar\/diario\/wp-json\/wp\/v2\/posts\/14962","targetHints":{"allow":["GET"]}}],"collection":[{"href":"https:\/\/armstrongyregion.com.ar\/diario\/wp-json\/wp\/v2\/posts"}],"about":[{"href":"https:\/\/armstrongyregion.com.ar\/diario\/wp-json\/wp\/v2\/types\/post"}],"author":[{"embeddable":true,"href":"https:\/\/armstrongyregion.com.ar\/diario\/wp-json\/wp\/v2\/users\/1"}],"replies":[{"embeddable":true,"href":"https:\/\/armstrongyregion.com.ar\/diario\/wp-json\/wp\/v2\/comments?post=14962"}],"version-history":[{"count":0,"href":"https:\/\/armstrongyregion.com.ar\/diario\/wp-json\/wp\/v2\/posts\/14962\/revisions"}],"wp:featuredmedia":[{"embeddable":true,"href":"https:\/\/armstrongyregion.com.ar\/diario\/wp-json\/wp\/v2\/media\/14963"}],"wp:attachment":[{"href":"https:\/\/armstrongyregion.com.ar\/diario\/wp-json\/wp\/v2\/media?parent=14962"}],"wp:term":[{"taxonomy":"category","embeddable":true,"href":"https:\/\/armstrongyregion.com.ar\/diario\/wp-json\/wp\/v2\/categories?post=14962"},{"taxonomy":"post_tag","embeddable":true,"href":"https:\/\/armstrongyregion.com.ar\/diario\/wp-json\/wp\/v2\/tags?post=14962"}],"curies":[{"name":"wp","href":"https:\/\/api.w.org\/{rel}","templated":true}]}}