{"id":14955,"date":"2017-10-20T00:14:36","date_gmt":"2017-10-20T00:14:36","guid":{"rendered":"https:\/\/armstrongyregion.com.ar\/diario\/?p=14955"},"modified":"2017-10-20T00:14:36","modified_gmt":"2017-10-20T00:14:36","slug":"el-domingo-tenemos-una-gran-oportunidad-de-decidir-que-ciudad-queremos","status":"publish","type":"post","link":"https:\/\/armstrongyregion.com.ar\/diario\/el-domingo-tenemos-una-gran-oportunidad-de-decidir-que-ciudad-queremos\/","title":{"rendered":"El Domingo tenemos una gran oportunidad: de decidir qu\u00e9 ciudad queremos."},"content":{"rendered":"<p><a href=\"http:\/\/armstrongyregion.com.ar\/diario\/wp-content\/uploads\/2017\/09\/placa-augusto-guille-armstrong.jpg\"><img loading=\"lazy\" decoding=\"async\" src=\"http:\/\/armstrongyregion.com.ar\/diario\/wp-content\/uploads\/2017\/09\/placa-augusto-guille-armstrong.jpg\" alt=\"placa augusto guille armstrong\" width=\"300\" height=\"150\" class=\"alignnone size-full wp-image-14657\" \/><\/a>Toda la vida me prepar\u00e9 para esto. S\u00e9 perfectamente cuales son las necesidades de la ciudad y cu\u00e1les son las prioridades. S\u00e9 lo que hay que hacer y c\u00f3mo hacerlo. Para eso, necesito que conf\u00eden en m\u00ed y en mi equipo de trabajo. Personas capacitadas, con compromiso y con muchas ganas de trabajar para la cuidad. Juntos, vamos a hacer de Armstrong la ciudad del progreso y l\u00edder de la regi\u00f3n que a\u00f1os atr\u00e1s supo ser.<br \/>\nQuiero decirles que conf\u00edo en ustedes y que estoy listo para este nuevo y gran desaf\u00edo. El Domingo va a ser un d\u00eda hist\u00f3rico: comienza el verdadero \u00abtiempo de hacer\u00bb.<br \/>\nDr. Augusto Fischer<\/p>\n","protected":false},"excerpt":{"rendered":"<p>Toda la vida me prepar\u00e9 para esto. S\u00e9 perfectamente cuales son las necesidades de la ciudad y cu\u00e1les son las prioridades. S\u00e9 lo que hay que hacer y c\u00f3mo hacerlo. Para eso, necesito que conf\u00eden en m\u00ed y en mi equipo de trabajo. Personas capacitadas, con compromiso y con muchas ganas de trabajar para la <a href=\"https:\/\/armstrongyregion.com.ar\/diario\/el-domingo-tenemos-una-gran-oportunidad-de-decidir-que-ciudad-queremos\/\" title=\"Read more\" >&#8230;<\/a><\/p>\n","protected":false},"author":1,"featured_media":14657,"comment_status":"open","ping_status":"open","sticky":false,"template":"","format":"standard","meta":{"_jetpack_memberships_contains_paid_content":false,"footnotes":"","jetpack_publicize_message":"","jetpack_publicize_feature_enabled":true,"jetpack_social_post_already_shared":false,"jetpack_social_options":{"image_generator_settings":{"template":"highway","default_image_id":0,"enabled":false},"version":2}},"categories":[8,1,2,7],"tags":[6043],"class_list":["post-14955","post","type-post","status-publish","format-standard","has-post-thumbnail","hentry","category-deliberando","category-diario-armstrong","category-locales","category-politica","tag-el-domingo-tenemos-una-gran-oportunidad-de-decidir-que-ciudad-queremos"],"jetpack_publicize_connections":[],"jetpack_featured_media_url":"https:\/\/armstrongyregion.com.ar\/diario\/wp-content\/uploads\/2017\/09\/placa-augusto-guille-armstrong.jpg","jetpack_shortlink":"https:\/\/wp.me\/p62QDO-3Td","jetpack_sharing_enabled":true,"amp_enabled":true,"_links":{"self":[{"href":"https:\/\/armstrongyregion.com.ar\/diario\/wp-json\/wp\/v2\/posts\/14955","targetHints":{"allow":["GET"]}}],"collection":[{"href":"https:\/\/armstrongyregion.com.ar\/diario\/wp-json\/wp\/v2\/posts"}],"about":[{"href":"https:\/\/armstrongyregion.com.ar\/diario\/wp-json\/wp\/v2\/types\/post"}],"author":[{"embeddable":true,"href":"https:\/\/armstrongyregion.com.ar\/diario\/wp-json\/wp\/v2\/users\/1"}],"replies":[{"embeddable":true,"href":"https:\/\/armstrongyregion.com.ar\/diario\/wp-json\/wp\/v2\/comments?post=14955"}],"version-history":[{"count":0,"href":"https:\/\/armstrongyregion.com.ar\/diario\/wp-json\/wp\/v2\/posts\/14955\/revisions"}],"wp:featuredmedia":[{"embeddable":true,"href":"https:\/\/armstrongyregion.com.ar\/diario\/wp-json\/wp\/v2\/media\/14657"}],"wp:attachment":[{"href":"https:\/\/armstrongyregion.com.ar\/diario\/wp-json\/wp\/v2\/media?parent=14955"}],"wp:term":[{"taxonomy":"category","embeddable":true,"href":"https:\/\/armstrongyregion.com.ar\/diario\/wp-json\/wp\/v2\/categories?post=14955"},{"taxonomy":"post_tag","embeddable":true,"href":"https:\/\/armstrongyregion.com.ar\/diario\/wp-json\/wp\/v2\/tags?post=14955"}],"curies":[{"name":"wp","href":"https:\/\/api.w.org\/{rel}","templated":true}]}}