{"id":14940,"date":"2017-10-19T11:18:20","date_gmt":"2017-10-19T11:18:20","guid":{"rendered":"https:\/\/armstrongyregion.com.ar\/diario\/?p=14940"},"modified":"2017-10-19T11:18:20","modified_gmt":"2017-10-19T11:18:20","slug":"armstrong-ampliacion-del-edificio-de-minimundo","status":"publish","type":"post","link":"https:\/\/armstrongyregion.com.ar\/diario\/armstrong-ampliacion-del-edificio-de-minimundo\/","title":{"rendered":"Armstrong. Ampliaci\u00f3n del edificio de Minimundo."},"content":{"rendered":"<p><a href=\"http:\/\/armstrongyregion.com.ar\/diario\/wp-content\/uploads\/2017\/10\/Espacio-Minimundo.jpeg\"><img loading=\"lazy\" decoding=\"async\" src=\"http:\/\/armstrongyregion.com.ar\/diario\/wp-content\/uploads\/2017\/10\/Espacio-Minimundo-1024x576.jpeg\" alt=\"Espacio Minimundo\" width=\"800\" height=\"450\" class=\"alignnone size-large wp-image-14941\" srcset=\"https:\/\/armstrongyregion.com.ar\/diario\/wp-content\/uploads\/2017\/10\/Espacio-Minimundo-1024x576.jpeg 1024w, https:\/\/armstrongyregion.com.ar\/diario\/wp-content\/uploads\/2017\/10\/Espacio-Minimundo-300x169.jpeg 300w, https:\/\/armstrongyregion.com.ar\/diario\/wp-content\/uploads\/2017\/10\/Espacio-Minimundo.jpeg 1280w\" sizes=\"auto, (max-width: 800px) 100vw, 800px\" \/><\/a>El Municipio inicio la construcci\u00f3n de un nuevo espacio en la guarder\u00eda municipal Minimundo en el marco de la licitaci\u00f3n N\u00ba 06\/2017.<br \/>\nSe prev\u00e9 que esta ampliaci\u00f3n contemple 4 oficinas, 2 dep\u00f3sitos y una sala de espera.<br \/>\nEste nuevo espacio ser\u00e1 destinado a una oficina de Promoci\u00f3n Comunitaria que le permitir\u00e1 a las trabajadoras sociales poder atender de manera directa los casos que lo requieran dentro de la guarder\u00eda.<\/p>\n","protected":false},"excerpt":{"rendered":"<p>El Municipio inicio la construcci\u00f3n de un nuevo espacio en la guarder\u00eda municipal Minimundo en el marco de la licitaci\u00f3n N\u00ba 06\/2017. Se prev\u00e9 que esta ampliaci\u00f3n contemple 4 oficinas, 2 dep\u00f3sitos y una sala de espera. Este nuevo espacio ser\u00e1 destinado a una oficina de Promoci\u00f3n Comunitaria que le permitir\u00e1 a las trabajadoras sociales <a href=\"https:\/\/armstrongyregion.com.ar\/diario\/armstrong-ampliacion-del-edificio-de-minimundo\/\" title=\"Read more\" >&#8230;<\/a><\/p>\n","protected":false},"author":1,"featured_media":14941,"comment_status":"open","ping_status":"open","sticky":false,"template":"","format":"standard","meta":{"_jetpack_memberships_contains_paid_content":false,"footnotes":"","jetpack_publicize_message":"","jetpack_publicize_feature_enabled":true,"jetpack_social_post_already_shared":false,"jetpack_social_options":{"image_generator_settings":{"template":"highway","default_image_id":0,"enabled":false},"version":2}},"categories":[1,2,3],"tags":[6037],"class_list":["post-14940","post","type-post","status-publish","format-standard","has-post-thumbnail","hentry","category-diario-armstrong","category-locales","category-region","tag-armstrong-ampliacion-del-edificio-de-minimundo"],"jetpack_publicize_connections":[],"jetpack_featured_media_url":"https:\/\/armstrongyregion.com.ar\/diario\/wp-content\/uploads\/2017\/10\/Espacio-Minimundo.jpeg","jetpack_shortlink":"https:\/\/wp.me\/p62QDO-3SY","jetpack_sharing_enabled":true,"amp_enabled":true,"_links":{"self":[{"href":"https:\/\/armstrongyregion.com.ar\/diario\/wp-json\/wp\/v2\/posts\/14940","targetHints":{"allow":["GET"]}}],"collection":[{"href":"https:\/\/armstrongyregion.com.ar\/diario\/wp-json\/wp\/v2\/posts"}],"about":[{"href":"https:\/\/armstrongyregion.com.ar\/diario\/wp-json\/wp\/v2\/types\/post"}],"author":[{"embeddable":true,"href":"https:\/\/armstrongyregion.com.ar\/diario\/wp-json\/wp\/v2\/users\/1"}],"replies":[{"embeddable":true,"href":"https:\/\/armstrongyregion.com.ar\/diario\/wp-json\/wp\/v2\/comments?post=14940"}],"version-history":[{"count":0,"href":"https:\/\/armstrongyregion.com.ar\/diario\/wp-json\/wp\/v2\/posts\/14940\/revisions"}],"wp:featuredmedia":[{"embeddable":true,"href":"https:\/\/armstrongyregion.com.ar\/diario\/wp-json\/wp\/v2\/media\/14941"}],"wp:attachment":[{"href":"https:\/\/armstrongyregion.com.ar\/diario\/wp-json\/wp\/v2\/media?parent=14940"}],"wp:term":[{"taxonomy":"category","embeddable":true,"href":"https:\/\/armstrongyregion.com.ar\/diario\/wp-json\/wp\/v2\/categories?post=14940"},{"taxonomy":"post_tag","embeddable":true,"href":"https:\/\/armstrongyregion.com.ar\/diario\/wp-json\/wp\/v2\/tags?post=14940"}],"curies":[{"name":"wp","href":"https:\/\/api.w.org\/{rel}","templated":true}]}}