{"id":14928,"date":"2017-10-18T21:07:45","date_gmt":"2017-10-18T21:07:45","guid":{"rendered":"https:\/\/armstrongyregion.com.ar\/diario\/?p=14928"},"modified":"2017-10-18T21:07:45","modified_gmt":"2017-10-18T21:07:45","slug":"caso-maldonado-fiscal-pidio-que-todas-las-partes-participen-de-la-autopsia","status":"publish","type":"post","link":"https:\/\/armstrongyregion.com.ar\/diario\/caso-maldonado-fiscal-pidio-que-todas-las-partes-participen-de-la-autopsia\/","title":{"rendered":"Caso Maldonado: fiscal pidi\u00f3 que todas las partes participen de la autopsia."},"content":{"rendered":"<p><a href=\"http:\/\/armstrongyregion.com.ar\/diario\/wp-content\/uploads\/2017\/10\/lleral_juez_caso_maldonado.jpg_1305449671.jpg\"><img loading=\"lazy\" decoding=\"async\" src=\"http:\/\/armstrongyregion.com.ar\/diario\/wp-content\/uploads\/2017\/10\/lleral_juez_caso_maldonado.jpg_1305449671.jpg\" alt=\"lleral_juez_caso_maldonado.jpg_1305449671\" width=\"847\" height=\"476\" class=\"alignnone size-full wp-image-14929\" srcset=\"https:\/\/armstrongyregion.com.ar\/diario\/wp-content\/uploads\/2017\/10\/lleral_juez_caso_maldonado.jpg_1305449671.jpg 847w, https:\/\/armstrongyregion.com.ar\/diario\/wp-content\/uploads\/2017\/10\/lleral_juez_caso_maldonado.jpg_1305449671-300x169.jpg 300w\" sizes=\"auto, (max-width: 847px) 100vw, 847px\" \/><\/a>La funcionaria judicial de Esquel solicit\u00f3 al juez Gustavo Lleral que est\u00e9n presentes las cinco querellas, un gendarme imputado y el Equipo Argentino de Antropolog\u00eda Forense. Tambi\u00e9n pidi\u00f3 que se ordene el traslado al Cuerpo M\u00e9dico Forense de la Corte para llevar adelante la pericia.<br \/>\nLa fiscal federal de Esquel, Silvina \u00c1vila, pidi\u00f3 este mi\u00e9rcoles al juez Gustavo Lleral que ordene la realizaci\u00f3n de la autopsia del cuerpo hallado en el r\u00edo Chubut con la participaci\u00f3n \u00abde todas las partes que integran la causa\u00bb, esto es \u00ablas cinco querellas y el \u00fanico imputado de la fuerza sospechada que se present\u00f3 en el expediente\u00bb, en referencia a Emanuel Echaz\u00fa, de Gendarmer\u00eda Nacional.<\/p>\n<p>Si la autopsia se lleva a cabo sin la intervenci\u00f3n \u00abde todos los legitimados en el expediente, quedar\u00eda abierta la posibilidad a que se deba reordenarla, con el desgaste, incertidumbre y el sufrimiento que implicar\u00eda a los familiares de la v\u00edctima, sin soslayar las posibles impugnaciones o cuestionamientos que un peritaje de tal envergadura podr\u00eda acarrear\u00bb, subray\u00f3 en un comunicado del Ministerio P\u00fablico Fiscal.<\/p>\n<p>La fiscal \u00c1vila remiti\u00f3 su pedido al juez federal Lleral, a cargo de la investigaci\u00f3n, para que \u00abordene el traslado al Cuerpo M\u00e9dico Forense dependiente de la Corte Suprema de Justicia de la Naci\u00f3n a los fines de que se lleve adelante la operaci\u00f3n\u00bb.<\/p>\n<p>La representante del Ministerio P\u00fablico Fiscal propuso la participaci\u00f3n \u00aben todo el proceso\u00bb del Equipo Argentino de Antropolog\u00eda Forense (EAAF) \u00aba los fines de resguardar la cadena de custodia y reasegurar las medidas, en el marco del convenio firmado entre la organizaci\u00f3n y la Procuraci\u00f3n General de la Naci\u00f3n el 27 de abril de 2015\u00bb.<\/p>\n<p>Asimismo, respecto de los puntos de pericia, requiri\u00f3 \u00abque se cumplan con los previstos en el Protocolo Modelo para la Investigaci\u00f3n legal de Ejecuciones Extralegales, Arbitrarias y Sumarias de la ONU (Protocolo de Minnesota)\u00bb.<\/p>\n<p>Record\u00f3 adem\u00e1s que el rastrillaje realizado el martes, en el que se hall\u00f3 el cad\u00e1ver en el r\u00edo Chubut, fue impulsado por la fiscal\u00eda federal de Esquel y la Procuradur\u00eda de Violencia Institucional, con la asistencia t\u00e9cnica del EAAF que colabora desde los inicios en el expediente.<\/p>\n<p>Por \u00faltimo, \u00c1vila destac\u00f3 la \u00abimportante colaboraci\u00f3n prestada por la Procuradur\u00eda de Violencia Institucional (Procuvin) en el desarrollo de la investigaci\u00f3n, as\u00ed como de la Unidad Fiscal Especializada en Ciberdelicuencia, la Direcci\u00f3n General de Orientaci\u00f3n a la V\u00edctima y la Direcci\u00f3n General de Cooperaci\u00f3n Regional e Internacional, de la Procuraci\u00f3n General de la Naci\u00f3n\u00bb.<\/p>\n<p>Piden una investigaci\u00f3n \u00abseria, imparcial y efectiva\u00bb<\/p>\n<p>El Centro de Estudios Legales y Sociales (CELS) exigi\u00f3 a \u00abtodos los poderes del Estado\u00bb que garanticen \u00abuna investigaci\u00f3n seria, imparcial y efectiva que conduzca a la averiguaci\u00f3n de la verdad y a la justicia\u00bb respecto de Santiago Maldonado y pidi\u00f3 adem\u00e1s detener \u00abla difusi\u00f3n de im\u00e1genes que de manera irresponsable y cruel fueron filtradas en la ciudad de Esquel\u00bb.<\/p>\n<p>En un comunicado titulado \u00abSobre el hallazgo de un cuerpo en el r\u00edo Chubut\u00bb, el CELS dijo que tras 78 d\u00edas de b\u00fasqueda acompa\u00f1a a la familia de Santiago Maldonado \u00aben el momento doloroso que est\u00e1n viviendo\u00bb y se suma \u00aba su pedido de esperar a que se realicen los procedimientos correspondientes\u00bb para determinar la identidad del cuerpo.<\/p>\n<p>\u00abAl mismo tiempo, apelamos a que la solidaridad con la familia detenga la difusi\u00f3n de im\u00e1genes que de manera irresponsable y cruel fueron filtradas en la ciudad de Esquel\u00bb, a\u00f1adi\u00f3.<\/p>\n<p>\u00abEs momento de que todos los poderes del Estado cumplan con su obligaci\u00f3n, sin especulaciones, de garantizar una investigaci\u00f3n seria, imparcial y efectiva que conduzca a la averiguaci\u00f3n de la verdad y a la justicia\u00bb, exhort\u00f3 el comunicado.<\/p>\n<p>Por otra parte, record\u00f3 el informe del CELS ante el Comit\u00e9 Contra la Desaparici\u00f3n Forzada de la ONU sobre la respuesta del Estado argentino a la acci\u00f3n urgente por la desaparici\u00f3n de Santiago Maldonado, del 18 de septiembre \u00faltimo y la resoluci\u00f3n adoptada el pasado 6 de octubre por ese organismo de las Naciones Unidas.<br \/>\nRosario3.com<\/p>\n","protected":false},"excerpt":{"rendered":"<p>La funcionaria judicial de Esquel solicit\u00f3 al juez Gustavo Lleral que est\u00e9n presentes las cinco querellas, un gendarme imputado y el Equipo Argentino de Antropolog\u00eda Forense. Tambi\u00e9n pidi\u00f3 que se ordene el traslado al Cuerpo M\u00e9dico Forense de la Corte para llevar adelante la pericia. La fiscal federal de Esquel, Silvina \u00c1vila, pidi\u00f3 este mi\u00e9rcoles <a href=\"https:\/\/armstrongyregion.com.ar\/diario\/caso-maldonado-fiscal-pidio-que-todas-las-partes-participen-de-la-autopsia\/\" title=\"Read more\" >&#8230;<\/a><\/p>\n","protected":false},"author":1,"featured_media":14929,"comment_status":"open","ping_status":"open","sticky":false,"template":"","format":"standard","meta":{"_jetpack_memberships_contains_paid_content":false,"footnotes":"","jetpack_publicize_message":"","jetpack_publicize_feature_enabled":true,"jetpack_social_post_already_shared":false,"jetpack_social_options":{"image_generator_settings":{"template":"highway","default_image_id":0,"enabled":false},"version":2}},"categories":[1,2,7,3],"tags":[6033],"class_list":["post-14928","post","type-post","status-publish","format-standard","has-post-thumbnail","hentry","category-diario-armstrong","category-locales","category-politica","category-region","tag-caso-maldonado-fiscal-pidio-que-todas-las-partes-participen-de-la-autopsia"],"jetpack_publicize_connections":[],"jetpack_featured_media_url":"https:\/\/armstrongyregion.com.ar\/diario\/wp-content\/uploads\/2017\/10\/lleral_juez_caso_maldonado.jpg_1305449671.jpg","jetpack_shortlink":"https:\/\/wp.me\/p62QDO-3SM","jetpack_sharing_enabled":true,"amp_enabled":true,"_links":{"self":[{"href":"https:\/\/armstrongyregion.com.ar\/diario\/wp-json\/wp\/v2\/posts\/14928","targetHints":{"allow":["GET"]}}],"collection":[{"href":"https:\/\/armstrongyregion.com.ar\/diario\/wp-json\/wp\/v2\/posts"}],"about":[{"href":"https:\/\/armstrongyregion.com.ar\/diario\/wp-json\/wp\/v2\/types\/post"}],"author":[{"embeddable":true,"href":"https:\/\/armstrongyregion.com.ar\/diario\/wp-json\/wp\/v2\/users\/1"}],"replies":[{"embeddable":true,"href":"https:\/\/armstrongyregion.com.ar\/diario\/wp-json\/wp\/v2\/comments?post=14928"}],"version-history":[{"count":0,"href":"https:\/\/armstrongyregion.com.ar\/diario\/wp-json\/wp\/v2\/posts\/14928\/revisions"}],"wp:featuredmedia":[{"embeddable":true,"href":"https:\/\/armstrongyregion.com.ar\/diario\/wp-json\/wp\/v2\/media\/14929"}],"wp:attachment":[{"href":"https:\/\/armstrongyregion.com.ar\/diario\/wp-json\/wp\/v2\/media?parent=14928"}],"wp:term":[{"taxonomy":"category","embeddable":true,"href":"https:\/\/armstrongyregion.com.ar\/diario\/wp-json\/wp\/v2\/categories?post=14928"},{"taxonomy":"post_tag","embeddable":true,"href":"https:\/\/armstrongyregion.com.ar\/diario\/wp-json\/wp\/v2\/tags?post=14928"}],"curies":[{"name":"wp","href":"https:\/\/api.w.org\/{rel}","templated":true}]}}