{"id":1492,"date":"2015-03-30T22:47:18","date_gmt":"2015-03-30T22:47:18","guid":{"rendered":"https:\/\/armstrongyregion.com.ar\/diario\/?p=1492"},"modified":"2015-03-30T22:47:18","modified_gmt":"2015-03-30T22:47:18","slug":"canada-de-gomez-emotivo-reconocimiento-de-la-gestion-municipal-a-mujeres-destacadas","status":"publish","type":"post","link":"https:\/\/armstrongyregion.com.ar\/diario\/canada-de-gomez-emotivo-reconocimiento-de-la-gestion-municipal-a-mujeres-destacadas\/","title":{"rendered":"Ca\u00f1ada de G\u00f3mez. Emotivo reconocimiento de la gesti\u00f3n municipal a Mujeres Destacadas."},"content":{"rendered":"<p><a href=\"http:\/\/armstrongyregion.com.ar\/diario\/wp-content\/uploads\/2015\/03\/reconocimiento.jpg\"><img loading=\"lazy\" decoding=\"async\" class=\"alignnone size-medium wp-image-1493\" src=\"http:\/\/armstrongyregion.com.ar\/diario\/wp-content\/uploads\/2015\/03\/reconocimiento-300x200.jpg\" alt=\"reconocimiento\" width=\"300\" height=\"200\" srcset=\"https:\/\/armstrongyregion.com.ar\/diario\/wp-content\/uploads\/2015\/03\/reconocimiento-300x200.jpg 300w, https:\/\/armstrongyregion.com.ar\/diario\/wp-content\/uploads\/2015\/03\/reconocimiento.jpg 750w\" sizes=\"auto, (max-width: 300px) 100vw, 300px\" \/><\/a>El acto se llev\u00f3 a cabo en el Teatro Verdi y culmin\u00f3 en el espect\u00e1culo Buleb\u00fa de Diego Reinhold, quien ante la sala colmada se present\u00f3 en dos<br \/>\nfunciones.<br \/>\nLa gesti\u00f3n municipal de la intendenta Stella Cl\u00e9rici junto a su equipo de gobierno realiz\u00f3 un emotivo reconocimiento a mujeres destacadas, en<br \/>\nel marco de las actividades por el mes de la mujer.<br \/>\nPrevio al homenaje se mostr\u00f3 un video con la vida de cada una de las mujeres. Posteriormente se llev\u00f3 a cabo el espect\u00e1culo Buleb\u00fa de Diego<br \/>\nReinhold, ante una sala colmada en las dos funciones. Las destacadas fueron: Lucia Arevalo, Chana Travaglino, Nora Figueroa, Miriam de<br \/>\nCerutti, Gabriela Gauna, Mirta Borbotti, Susana cabrera, Ines de Amadio y las hermanas Romina, Carolina y Valentina S\u00e1nchez.<br \/>\nLa intendenta Cl\u00e9rici expres\u00f3 \u201cun a\u00f1o m\u00e1s que reconocemos a esas luchadoras an\u00f3nimas que, cada una desde su lugar y su historia personal, nos inspiran para seguir haciendo una ciudad con futuro. En ellas<br \/>\nrepresentamos a las miles de mujeres ca\u00f1adenses que todos los d\u00edas marcan la diferencia\u201d.<\/p>\n","protected":false},"excerpt":{"rendered":"<p>El acto se llev\u00f3 a cabo en el Teatro Verdi y culmin\u00f3 en el espect\u00e1culo Buleb\u00fa de Diego Reinhold, quien ante la sala colmada se present\u00f3 en dos funciones. La gesti\u00f3n municipal de la intendenta Stella Cl\u00e9rici junto a su equipo de gobierno realiz\u00f3 un emotivo reconocimiento a mujeres destacadas, en el marco de las <a href=\"https:\/\/armstrongyregion.com.ar\/diario\/canada-de-gomez-emotivo-reconocimiento-de-la-gestion-municipal-a-mujeres-destacadas\/\" title=\"Read more\" >&#8230;<\/a><\/p>\n","protected":false},"author":2,"featured_media":1493,"comment_status":"open","ping_status":"open","sticky":false,"template":"","format":"standard","meta":{"_jetpack_memberships_contains_paid_content":false,"footnotes":"","jetpack_publicize_message":"","jetpack_publicize_feature_enabled":true,"jetpack_social_post_already_shared":false,"jetpack_social_options":{"image_generator_settings":{"template":"highway","default_image_id":0,"enabled":false},"version":2}},"categories":[1,3],"tags":[1057,33,163,19,1298,1295,1297,164,31,524,1296],"class_list":["post-1492","post","type-post","status-publish","format-standard","has-post-thumbnail","hentry","category-diario-armstrong","category-region","tag-mujeres","tag-a","tag-canada","tag-de","tag-destacadas","tag-emotivo","tag-gestion","tag-gomez","tag-la","tag-municipal","tag-reconocimiento"],"jetpack_publicize_connections":[],"jetpack_featured_media_url":"https:\/\/armstrongyregion.com.ar\/diario\/wp-content\/uploads\/2015\/03\/reconocimiento.jpg","jetpack_shortlink":"https:\/\/wp.me\/p62QDO-o4","jetpack_sharing_enabled":true,"amp_enabled":true,"_links":{"self":[{"href":"https:\/\/armstrongyregion.com.ar\/diario\/wp-json\/wp\/v2\/posts\/1492","targetHints":{"allow":["GET"]}}],"collection":[{"href":"https:\/\/armstrongyregion.com.ar\/diario\/wp-json\/wp\/v2\/posts"}],"about":[{"href":"https:\/\/armstrongyregion.com.ar\/diario\/wp-json\/wp\/v2\/types\/post"}],"author":[{"embeddable":true,"href":"https:\/\/armstrongyregion.com.ar\/diario\/wp-json\/wp\/v2\/users\/2"}],"replies":[{"embeddable":true,"href":"https:\/\/armstrongyregion.com.ar\/diario\/wp-json\/wp\/v2\/comments?post=1492"}],"version-history":[{"count":0,"href":"https:\/\/armstrongyregion.com.ar\/diario\/wp-json\/wp\/v2\/posts\/1492\/revisions"}],"wp:featuredmedia":[{"embeddable":true,"href":"https:\/\/armstrongyregion.com.ar\/diario\/wp-json\/wp\/v2\/media\/1493"}],"wp:attachment":[{"href":"https:\/\/armstrongyregion.com.ar\/diario\/wp-json\/wp\/v2\/media?parent=1492"}],"wp:term":[{"taxonomy":"category","embeddable":true,"href":"https:\/\/armstrongyregion.com.ar\/diario\/wp-json\/wp\/v2\/categories?post=1492"},{"taxonomy":"post_tag","embeddable":true,"href":"https:\/\/armstrongyregion.com.ar\/diario\/wp-json\/wp\/v2\/tags?post=1492"}],"curies":[{"name":"wp","href":"https:\/\/api.w.org\/{rel}","templated":true}]}}