{"id":14911,"date":"2017-10-18T11:51:25","date_gmt":"2017-10-18T11:51:25","guid":{"rendered":"https:\/\/armstrongyregion.com.ar\/diario\/?p=14911"},"modified":"2017-10-18T11:51:25","modified_gmt":"2017-10-18T11:51:25","slug":"el-escandalo-del-samco-de-arteaga-llego-al-programa-de-lanata","status":"publish","type":"post","link":"https:\/\/armstrongyregion.com.ar\/diario\/el-escandalo-del-samco-de-arteaga-llego-al-programa-de-lanata\/","title":{"rendered":"El esc\u00e1ndalo del Samco de Arteaga lleg\u00f3 al programa de Lanata."},"content":{"rendered":"<p><a href=\"http:\/\/armstrongyregion.com.ar\/diario\/wp-content\/uploads\/2017\/10\/samco_jpg_1170411493.jpg_1170411493.jpg\"><img loading=\"lazy\" decoding=\"async\" src=\"http:\/\/armstrongyregion.com.ar\/diario\/wp-content\/uploads\/2017\/10\/samco_jpg_1170411493.jpg_1170411493.jpg\" alt=\"samco_jpg_1170411493.jpg_1170411493\" width=\"772\" height=\"435\" class=\"alignnone size-full wp-image-14912\" srcset=\"https:\/\/armstrongyregion.com.ar\/diario\/wp-content\/uploads\/2017\/10\/samco_jpg_1170411493.jpg_1170411493.jpg 772w, https:\/\/armstrongyregion.com.ar\/diario\/wp-content\/uploads\/2017\/10\/samco_jpg_1170411493.jpg_1170411493-300x169.jpg 300w\" sizes=\"auto, (max-width: 772px) 100vw, 772px\" \/><\/a>En uno de los habituales informes de domingo a la noche el ciclo Periodismo Para Todos desnud\u00f3 las irregularidades en la transferencia de unas dos mil c\u00e1pitas de Casilda al peque\u00f1o centro de salud. La responsabilidad del director y el jefe comunal.<br \/>\nEl esc\u00e1ndalo por la transferencia de unas 2 mil c\u00e1pitas al Samco de la localidad de Arteaga, un peque\u00f1o centro de salud de atenci\u00f3n primaria, capt\u00f3 este fin de semana la atenci\u00f3n de los medios nacionales. El programa de investigaci\u00f3n Periodismo Para Todos que emite Canal 13 tambi\u00e9n puso la lupa sobre el tema, atento al trabajo que ya realiza la justicia federal para intentar determinar si se registraron irregularidades en la firma del convenio entre el centro de atenci\u00f3n primaria y el Pami. La olla se destap\u00f3 hace varias semanas, en el lugar se realiz\u00f3 un allanamiento y hasta el Senado provincial reclam\u00f3 una intervenci\u00f3n.<\/p>\n<p>Parte del staff period\u00edstico del ciclo que conduce Jorge Lanata se traslad\u00f3 hasta el pueblo ubicado en el sur santafesino para intentar encontrar las explicaciones en la voz del director del Samco, Juli\u00e1n Scarinchi, o en la del jefe comunal Sergio Protti. Pero no hubo m\u00e1s que silencio absoluto.<\/p>\n<p>El informe recogi\u00f3 adem\u00e1s el testimonio del fiscal federal Guillermo Mariju\u00e1n, quien oportunamente decidi\u00f3 actual de oficio y realizar la denuncia. Fue Mariju\u00e1n quien not\u00f3 que la transferencia de fondos que habitualmente hac\u00eda Pami a una instituci\u00f3n de Casilda gir\u00f3 hacia el peque\u00f1o Samco de Arteaga. Se trata de fondos importantes (2 mil c\u00e1pitas) para la asistencia de pacientes, pero el Samco no cuenta con la capacidad de atender a tama\u00f1a cantidad por tratarse de un espacio m\u00e1s peque\u00f1o y de menor complejidad. Para entender la denuncia vale aclarar que las c\u00e1pitas son un monto fijo por cantidad de afiliados que, se realicen o no las prestaciones m\u00e9dicas, se pagan igual.<br \/>\nPor el programa televisivo desfilaron testimonios que oportunamente tambi\u00e9n recogi\u00f3 Rosarioplus.com. Puntualmente la diputada nacional por Santa Fe, Alicia Ciciliani, remarc\u00f3 frente a las c\u00e1maras que el presidente comunal Sergio Protti \u201ctiene mucho que ver, por tener responsabilidades institucionales en la administraci\u00f3n\u201d.<\/p>\n<p>El esfuerzo de Protti por despegarse del esc\u00e1ndalo ha sido nulo por una simple raz\u00f3n. Scarinchi, director del Samco, es el segundo en la lista que encabeza el actual intendente rumbo a las elecciones del pr\u00f3ximo domingo, y ya son varios los que le achacan responsabilidad pol\u00edtica por lo ocurrido.<\/p>\n<p>En la Justicia<\/p>\n<p>La investigaci\u00f3n qued\u00f3 en manos del juez federal Sebasti\u00e1n Casanello, quien intentar\u00e1 determinar la responsabilidad de autoridades y funcionarios que implementaron el cambio de sistema. Al darse de baja los contratos de las prestaciones de pr\u00e1cticas complejas que el Pami tercerizaba en Casilda, donde se atend\u00edan dos mil jubilados de Arteaga y San Jos\u00e9 de la Esquina desde hace m\u00e1s de 20 a\u00f1os, se complic\u00f3 la situaci\u00f3n de muchos jubilados, incluso algunos le llegan a adjudicar la muerte de un abuelo. <\/p>\n<p>Trascendi\u00f3 que el contrato firmado entre Pami y el Samco de Arteaga rondar\u00eda los 6 millones de pesos. Son muchos los que se preguntan cu\u00e1l fue el destino de ese dinero y si existen rendiciones oficiales que justifiquen esa cifra. En este marco, a fines de septiembre hubo un allanamiento en el Samco de Arteaga, en donde se recolect\u00f3 material de vital importancia para la investigaci\u00f3n.<br \/>\nRosarioplus.com<\/p>\n","protected":false},"excerpt":{"rendered":"<p>En uno de los habituales informes de domingo a la noche el ciclo Periodismo Para Todos desnud\u00f3 las irregularidades en la transferencia de unas dos mil c\u00e1pitas de Casilda al peque\u00f1o centro de salud. La responsabilidad del director y el jefe comunal. El esc\u00e1ndalo por la transferencia de unas 2 mil c\u00e1pitas al Samco de <a href=\"https:\/\/armstrongyregion.com.ar\/diario\/el-escandalo-del-samco-de-arteaga-llego-al-programa-de-lanata\/\" title=\"Read more\" >&#8230;<\/a><\/p>\n","protected":false},"author":1,"featured_media":14912,"comment_status":"open","ping_status":"open","sticky":false,"template":"","format":"standard","meta":{"_jetpack_memberships_contains_paid_content":false,"footnotes":"","jetpack_publicize_message":"","jetpack_publicize_feature_enabled":true,"jetpack_social_post_already_shared":false,"jetpack_social_options":{"image_generator_settings":{"template":"highway","default_image_id":0,"enabled":false},"version":2}},"categories":[8,1,3],"tags":[6026],"class_list":["post-14911","post","type-post","status-publish","format-standard","has-post-thumbnail","hentry","category-deliberando","category-diario-armstrong","category-region","tag-el-escandalo-del-samco-de-arteaga-llego-al-programa-de-lanata"],"jetpack_publicize_connections":[],"jetpack_featured_media_url":"https:\/\/armstrongyregion.com.ar\/diario\/wp-content\/uploads\/2017\/10\/samco_jpg_1170411493.jpg_1170411493.jpg","jetpack_shortlink":"https:\/\/wp.me\/p62QDO-3Sv","jetpack_sharing_enabled":true,"amp_enabled":true,"_links":{"self":[{"href":"https:\/\/armstrongyregion.com.ar\/diario\/wp-json\/wp\/v2\/posts\/14911","targetHints":{"allow":["GET"]}}],"collection":[{"href":"https:\/\/armstrongyregion.com.ar\/diario\/wp-json\/wp\/v2\/posts"}],"about":[{"href":"https:\/\/armstrongyregion.com.ar\/diario\/wp-json\/wp\/v2\/types\/post"}],"author":[{"embeddable":true,"href":"https:\/\/armstrongyregion.com.ar\/diario\/wp-json\/wp\/v2\/users\/1"}],"replies":[{"embeddable":true,"href":"https:\/\/armstrongyregion.com.ar\/diario\/wp-json\/wp\/v2\/comments?post=14911"}],"version-history":[{"count":0,"href":"https:\/\/armstrongyregion.com.ar\/diario\/wp-json\/wp\/v2\/posts\/14911\/revisions"}],"wp:featuredmedia":[{"embeddable":true,"href":"https:\/\/armstrongyregion.com.ar\/diario\/wp-json\/wp\/v2\/media\/14912"}],"wp:attachment":[{"href":"https:\/\/armstrongyregion.com.ar\/diario\/wp-json\/wp\/v2\/media?parent=14911"}],"wp:term":[{"taxonomy":"category","embeddable":true,"href":"https:\/\/armstrongyregion.com.ar\/diario\/wp-json\/wp\/v2\/categories?post=14911"},{"taxonomy":"post_tag","embeddable":true,"href":"https:\/\/armstrongyregion.com.ar\/diario\/wp-json\/wp\/v2\/tags?post=14911"}],"curies":[{"name":"wp","href":"https:\/\/api.w.org\/{rel}","templated":true}]}}