{"id":14899,"date":"2017-10-17T11:06:00","date_gmt":"2017-10-17T11:06:00","guid":{"rendered":"https:\/\/armstrongyregion.com.ar\/diario\/?p=14899"},"modified":"2017-10-17T11:06:00","modified_gmt":"2017-10-17T11:06:00","slug":"quedo-inaugurado-el-sum-de-la-biblioteca-popular-sarmiento","status":"publish","type":"post","link":"https:\/\/armstrongyregion.com.ar\/diario\/quedo-inaugurado-el-sum-de-la-biblioteca-popular-sarmiento\/","title":{"rendered":"Qued\u00f3 inaugurado el SUM de la Biblioteca Popular Sarmiento."},"content":{"rendered":"<p><a href=\"http:\/\/armstrongyregion.com.ar\/diario\/wp-content\/uploads\/2017\/10\/SUM-3-.jpg\"><img loading=\"lazy\" decoding=\"async\" src=\"http:\/\/armstrongyregion.com.ar\/diario\/wp-content\/uploads\/2017\/10\/SUM-3-.jpg\" alt=\"SUM-3-armstrong-y-region-\" width=\"960\" height=\"540\" class=\"alignnone size-full wp-image-14902\" srcset=\"https:\/\/armstrongyregion.com.ar\/diario\/wp-content\/uploads\/2017\/10\/SUM-3-.jpg 960w, https:\/\/armstrongyregion.com.ar\/diario\/wp-content\/uploads\/2017\/10\/SUM-3--300x169.jpg 300w\" sizes=\"auto, (max-width: 960px) 100vw, 960px\" \/><\/a>El SUM ser\u00e1 destinado, en especial, a reuniones de capacitaci\u00f3n, talleres, en esta inauguraci\u00f3n se destac\u00f3 la inserci\u00f3n que tiene hoy en d\u00eda la instituci\u00f3n en la comunidad. El mismo puede albergar a m\u00e1s de 200 personas.<br \/>\n<a href=\"http:\/\/armstrongyregion.com.ar\/diario\/wp-content\/uploads\/2017\/10\/SUM-2-.jpg\"><img loading=\"lazy\" decoding=\"async\" src=\"http:\/\/armstrongyregion.com.ar\/diario\/wp-content\/uploads\/2017\/10\/SUM-2-.jpg\" alt=\"SUM-2-\" width=\"960\" height=\"720\" class=\"alignnone size-full wp-image-14903\" srcset=\"https:\/\/armstrongyregion.com.ar\/diario\/wp-content\/uploads\/2017\/10\/SUM-2-.jpg 960w, https:\/\/armstrongyregion.com.ar\/diario\/wp-content\/uploads\/2017\/10\/SUM-2--300x225.jpg 300w\" sizes=\"auto, (max-width: 960px) 100vw, 960px\" \/><\/a>Participaron del acto el Diputado Miguel Sol\u00eds, el Senador Guillermo Cornaglia, el intendente Dr. Pablo Verdecchia , los tres tomaron la palabra y coincidieron en la necesidad de mantener vivas las instituciones, jerarquiz\u00e1ndolas, cuid\u00e1ndolas y apoy\u00e1ndolas desde el lugar que nos toque.  Cuando se habla de un SUM, pensamos en m\u00e1s cursos, seminarios, congresos, talleres, m\u00e1s actividades que nos lleven a m\u00e1s producci\u00f3n, desarrollo y calidad de vida de nuestra comunidad.<br \/>\n<a href=\"http:\/\/armstrongyregion.com.ar\/diario\/wp-content\/uploads\/2017\/10\/SUM-1-.jpg\"><img loading=\"lazy\" decoding=\"async\" src=\"http:\/\/armstrongyregion.com.ar\/diario\/wp-content\/uploads\/2017\/10\/SUM-1-.jpg\" alt=\"SUM-1-\" width=\"960\" height=\"540\" class=\"alignnone size-full wp-image-14904\" srcset=\"https:\/\/armstrongyregion.com.ar\/diario\/wp-content\/uploads\/2017\/10\/SUM-1-.jpg 960w, https:\/\/armstrongyregion.com.ar\/diario\/wp-content\/uploads\/2017\/10\/SUM-1--300x169.jpg 300w\" sizes=\"auto, (max-width: 960px) 100vw, 960px\" \/><\/a>Quien preside la biblioteca, Isabel Cismondi, agradeci\u00f3 el aporte y las gestiones a los tres funcionarios, a los socios, a los integrantes de la comisi\u00f3n, y a toda la comunidad armstronense por aportar su granito de arena cuando este SUM era un proyecto, era solo un sue\u00f1o, y hoy lo vemos concretado gracias al esfuerzo de los vecinos. Ahora viene lo mejor a disfrutarlo.<\/p>\n","protected":false},"excerpt":{"rendered":"<p>El SUM ser\u00e1 destinado, en especial, a reuniones de capacitaci\u00f3n, talleres, en esta inauguraci\u00f3n se destac\u00f3 la inserci\u00f3n que tiene hoy en d\u00eda la instituci\u00f3n en la comunidad. El mismo puede albergar a m\u00e1s de 200 personas. Participaron del acto el Diputado Miguel Sol\u00eds, el Senador Guillermo Cornaglia, el intendente Dr. Pablo Verdecchia , los <a href=\"https:\/\/armstrongyregion.com.ar\/diario\/quedo-inaugurado-el-sum-de-la-biblioteca-popular-sarmiento\/\" title=\"Read more\" >&#8230;<\/a><\/p>\n","protected":false},"author":1,"featured_media":14902,"comment_status":"open","ping_status":"open","sticky":false,"template":"","format":"standard","meta":{"_jetpack_memberships_contains_paid_content":false,"footnotes":"","jetpack_publicize_message":"","jetpack_publicize_feature_enabled":true,"jetpack_social_post_already_shared":false,"jetpack_social_options":{"image_generator_settings":{"template":"highway","default_image_id":0,"enabled":false},"version":2}},"categories":[6,8,1,2,3],"tags":[6024],"class_list":["post-14899","post","type-post","status-publish","format-standard","has-post-thumbnail","hentry","category-cultura-entretenimiento","category-deliberando","category-diario-armstrong","category-locales","category-region","tag-quedo-inaugurado-el-sum-de-la-biblioteca-popular-sarmiento"],"jetpack_publicize_connections":[],"jetpack_featured_media_url":"https:\/\/armstrongyregion.com.ar\/diario\/wp-content\/uploads\/2017\/10\/SUM-3-.jpg","jetpack_shortlink":"https:\/\/wp.me\/p62QDO-3Sj","jetpack_sharing_enabled":true,"amp_enabled":true,"_links":{"self":[{"href":"https:\/\/armstrongyregion.com.ar\/diario\/wp-json\/wp\/v2\/posts\/14899","targetHints":{"allow":["GET"]}}],"collection":[{"href":"https:\/\/armstrongyregion.com.ar\/diario\/wp-json\/wp\/v2\/posts"}],"about":[{"href":"https:\/\/armstrongyregion.com.ar\/diario\/wp-json\/wp\/v2\/types\/post"}],"author":[{"embeddable":true,"href":"https:\/\/armstrongyregion.com.ar\/diario\/wp-json\/wp\/v2\/users\/1"}],"replies":[{"embeddable":true,"href":"https:\/\/armstrongyregion.com.ar\/diario\/wp-json\/wp\/v2\/comments?post=14899"}],"version-history":[{"count":0,"href":"https:\/\/armstrongyregion.com.ar\/diario\/wp-json\/wp\/v2\/posts\/14899\/revisions"}],"wp:featuredmedia":[{"embeddable":true,"href":"https:\/\/armstrongyregion.com.ar\/diario\/wp-json\/wp\/v2\/media\/14902"}],"wp:attachment":[{"href":"https:\/\/armstrongyregion.com.ar\/diario\/wp-json\/wp\/v2\/media?parent=14899"}],"wp:term":[{"taxonomy":"category","embeddable":true,"href":"https:\/\/armstrongyregion.com.ar\/diario\/wp-json\/wp\/v2\/categories?post=14899"},{"taxonomy":"post_tag","embeddable":true,"href":"https:\/\/armstrongyregion.com.ar\/diario\/wp-json\/wp\/v2\/tags?post=14899"}],"curies":[{"name":"wp","href":"https:\/\/api.w.org\/{rel}","templated":true}]}}