{"id":14894,"date":"2017-10-16T22:22:26","date_gmt":"2017-10-16T22:22:26","guid":{"rendered":"https:\/\/armstrongyregion.com.ar\/diario\/?p=14894"},"modified":"2017-10-16T22:22:26","modified_gmt":"2017-10-16T22:22:26","slug":"las-rosas-19-fiesta-provincial-del-mate-1ra-jornada","status":"publish","type":"post","link":"https:\/\/armstrongyregion.com.ar\/diario\/las-rosas-19-fiesta-provincial-del-mate-1ra-jornada\/","title":{"rendered":"Las Rosas. 19 Fiesta Provincial del Mate. 1ra Jornada."},"content":{"rendered":"<p><a href=\"http:\/\/armstrongyregion.com.ar\/diario\/wp-content\/uploads\/2017\/10\/Fiesta-del-mate-1-.jpg\"><img loading=\"lazy\" decoding=\"async\" src=\"http:\/\/armstrongyregion.com.ar\/diario\/wp-content\/uploads\/2017\/10\/Fiesta-del-mate-1--1024x680.jpg\" alt=\"Fiesta-del-mate-1-\" width=\"800\" height=\"531\" class=\"alignnone size-large wp-image-14895\" srcset=\"https:\/\/armstrongyregion.com.ar\/diario\/wp-content\/uploads\/2017\/10\/Fiesta-del-mate-1--1024x680.jpg 1024w, https:\/\/armstrongyregion.com.ar\/diario\/wp-content\/uploads\/2017\/10\/Fiesta-del-mate-1--300x199.jpg 300w, https:\/\/armstrongyregion.com.ar\/diario\/wp-content\/uploads\/2017\/10\/Fiesta-del-mate-1-.jpg 1474w\" sizes=\"auto, (max-width: 800px) 100vw, 800px\" \/><\/a>Con el tiempo acompa\u00f1ando, un cielo despejado y una noche algo fresca para la estaci\u00f3n, se lanz\u00f3 la 19\u00aa. Fiesta Provincial del Mate, en Las Rosas. Desde primeras horas de la tarde el p\u00fablico comenz\u00f3 a caminar el predio, visitando los puestos de artesanos y otras atracciones.<br \/>\n<a href=\"http:\/\/armstrongyregion.com.ar\/diario\/wp-content\/uploads\/2017\/10\/Fiesta-del-mate-2-.jpg\"><img loading=\"lazy\" decoding=\"async\" src=\"http:\/\/armstrongyregion.com.ar\/diario\/wp-content\/uploads\/2017\/10\/Fiesta-del-mate-2--1024x680.jpg\" alt=\"Fiesta-del-mate-2-\" width=\"800\" height=\"531\" class=\"alignnone size-large wp-image-14896\" srcset=\"https:\/\/armstrongyregion.com.ar\/diario\/wp-content\/uploads\/2017\/10\/Fiesta-del-mate-2--1024x680.jpg 1024w, https:\/\/armstrongyregion.com.ar\/diario\/wp-content\/uploads\/2017\/10\/Fiesta-del-mate-2--300x199.jpg 300w, https:\/\/armstrongyregion.com.ar\/diario\/wp-content\/uploads\/2017\/10\/Fiesta-del-mate-2-.jpg 1474w\" sizes=\"auto, (max-width: 800px) 100vw, 800px\" \/><\/a>Ya a la tardecita se produjo la apertura, y la gente se fue arrimando al escenario central donde desfilaron grupos de danzas y folcloristas, solistas y de conjunto locales y la regi\u00f3n. Entre otros, estuvieron sobre las tablas Camilo Ceballos, Quebracho; actuaci\u00f3n del ballet Alma Argentina celebrando los 25 a\u00f1os con la m\u00fasica de Mariano Villarruel -que reuni\u00f3 a muchos artistas locales para festejarlos, como \u00abLaucha\u00bb Calcaterra, Fabiana D\u00edaz, Germ\u00e1n Staffolani, Cristian Leguizam\u00f3n, Mart\u00edn Tejera, Camilo, H\u00e9ctor L\u00f3pez, por ejemplo-; y el cierre de Los del Suqu\u00eda, merecedores del aplauso de todos los presentes.<br \/>\nFuente: Las Rosas Digital.<\/p>\n","protected":false},"excerpt":{"rendered":"<p>Con el tiempo acompa\u00f1ando, un cielo despejado y una noche algo fresca para la estaci\u00f3n, se lanz\u00f3 la 19\u00aa. Fiesta Provincial del Mate, en Las Rosas. Desde primeras horas de la tarde el p\u00fablico comenz\u00f3 a caminar el predio, visitando los puestos de artesanos y otras atracciones. Ya a la tardecita se produjo la apertura, <a href=\"https:\/\/armstrongyregion.com.ar\/diario\/las-rosas-19-fiesta-provincial-del-mate-1ra-jornada\/\" title=\"Read more\" >&#8230;<\/a><\/p>\n","protected":false},"author":1,"featured_media":14895,"comment_status":"open","ping_status":"open","sticky":false,"template":"","format":"standard","meta":{"_jetpack_memberships_contains_paid_content":false,"footnotes":"","jetpack_publicize_message":"","jetpack_publicize_feature_enabled":true,"jetpack_social_post_already_shared":false,"jetpack_social_options":{"image_generator_settings":{"template":"highway","default_image_id":0,"enabled":false},"version":2}},"categories":[6,1,2,3],"tags":[6022],"class_list":["post-14894","post","type-post","status-publish","format-standard","has-post-thumbnail","hentry","category-cultura-entretenimiento","category-diario-armstrong","category-locales","category-region","tag-las-rosas-19-fiesta-provincial-del-mate-1ra-jornada"],"jetpack_publicize_connections":[],"jetpack_featured_media_url":"https:\/\/armstrongyregion.com.ar\/diario\/wp-content\/uploads\/2017\/10\/Fiesta-del-mate-1-.jpg","jetpack_shortlink":"https:\/\/wp.me\/p62QDO-3Se","jetpack_sharing_enabled":true,"amp_enabled":true,"_links":{"self":[{"href":"https:\/\/armstrongyregion.com.ar\/diario\/wp-json\/wp\/v2\/posts\/14894","targetHints":{"allow":["GET"]}}],"collection":[{"href":"https:\/\/armstrongyregion.com.ar\/diario\/wp-json\/wp\/v2\/posts"}],"about":[{"href":"https:\/\/armstrongyregion.com.ar\/diario\/wp-json\/wp\/v2\/types\/post"}],"author":[{"embeddable":true,"href":"https:\/\/armstrongyregion.com.ar\/diario\/wp-json\/wp\/v2\/users\/1"}],"replies":[{"embeddable":true,"href":"https:\/\/armstrongyregion.com.ar\/diario\/wp-json\/wp\/v2\/comments?post=14894"}],"version-history":[{"count":0,"href":"https:\/\/armstrongyregion.com.ar\/diario\/wp-json\/wp\/v2\/posts\/14894\/revisions"}],"wp:featuredmedia":[{"embeddable":true,"href":"https:\/\/armstrongyregion.com.ar\/diario\/wp-json\/wp\/v2\/media\/14895"}],"wp:attachment":[{"href":"https:\/\/armstrongyregion.com.ar\/diario\/wp-json\/wp\/v2\/media?parent=14894"}],"wp:term":[{"taxonomy":"category","embeddable":true,"href":"https:\/\/armstrongyregion.com.ar\/diario\/wp-json\/wp\/v2\/categories?post=14894"},{"taxonomy":"post_tag","embeddable":true,"href":"https:\/\/armstrongyregion.com.ar\/diario\/wp-json\/wp\/v2\/tags?post=14894"}],"curies":[{"name":"wp","href":"https:\/\/api.w.org\/{rel}","templated":true}]}}