{"id":14815,"date":"2017-10-09T02:05:37","date_gmt":"2017-10-09T02:05:37","guid":{"rendered":"https:\/\/armstrongyregion.com.ar\/diario\/?p=14815"},"modified":"2017-10-09T02:05:37","modified_gmt":"2017-10-09T02:05:37","slug":"armstrong-cruzada-solidaria-contra-el-cancer-de-mama","status":"publish","type":"post","link":"https:\/\/armstrongyregion.com.ar\/diario\/armstrong-cruzada-solidaria-contra-el-cancer-de-mama\/","title":{"rendered":"Armstrong. \u201cCruzada Solidaria contra el c\u00e1ncer de mama\u201d."},"content":{"rendered":"<p><a href=\"http:\/\/armstrongyregion.com.ar\/diario\/wp-content\/uploads\/2017\/10\/Silvina-Vega-.jpg\"><img loading=\"lazy\" decoding=\"async\" src=\"http:\/\/armstrongyregion.com.ar\/diario\/wp-content\/uploads\/2017\/10\/Silvina-Vega-.jpg\" alt=\"Silvina-Vega-\" width=\"768\" height=\"512\" class=\"alignnone size-full wp-image-14816\" srcset=\"https:\/\/armstrongyregion.com.ar\/diario\/wp-content\/uploads\/2017\/10\/Silvina-Vega-.jpg 768w, https:\/\/armstrongyregion.com.ar\/diario\/wp-content\/uploads\/2017\/10\/Silvina-Vega--300x200.jpg 300w\" sizes=\"auto, (max-width: 768px) 100vw, 768px\" \/><\/a>El SAMCo local con su staff de profesionales, familiares y personas que han padecido la enfermedad se suman a esta campa\u00f1a de lucha contra el c\u00e1ncer de mama que culminara con diversas actividades el pr\u00f3ximo 19 de octubre. Participaran del \u201cPrograma Televisivo Prevencion y Salud\u201d.<br \/>\n<a href=\"http:\/\/armstrongyregion.com.ar\/diario\/wp-content\/uploads\/2017\/10\/Barone-campa\u00f1a-.jpg\"><img loading=\"lazy\" decoding=\"async\" src=\"http:\/\/armstrongyregion.com.ar\/diario\/wp-content\/uploads\/2017\/10\/Barone-campa\u00f1a-.jpg\" alt=\"Barone-campa\u00f1a-\" width=\"768\" height=\"512\" class=\"alignnone size-full wp-image-14817\" srcset=\"https:\/\/armstrongyregion.com.ar\/diario\/wp-content\/uploads\/2017\/10\/Barone-campa\u00f1a-.jpg 768w, https:\/\/armstrongyregion.com.ar\/diario\/wp-content\/uploads\/2017\/10\/Barone-campa\u00f1a--300x200.jpg 300w\" sizes=\"auto, (max-width: 768px) 100vw, 768px\" \/><\/a>La Directora del nosocomio local, Ver\u00f3nica Barone, en dialogo con nuestro medio, inform\u00f3 que los d\u00edas 17, 18 y 19 de octubre, de 8 a 16hs, las mujeres mayores de 40 a\u00f1os se pueden acercar al SAMCo a realizarse una mamograf\u00eda y un examen m\u00e9dico. El mismo es Gratuito, No Duele, y Demora 30 minutos. Hay que reservar y programar turno en dicha instituci\u00f3n\u201d.<br \/>\nEn este programa de Prevenci\u00f3n y Salud, contaremos con la presencia de familiares y una persona que ha padecido dicha enfermedad, Silvina Vega Urqu\u00eda y Luciana Chiarla; porque se suman a esta campa\u00f1a? Cu\u00e1les son sus proyectos para dar una mano a otros ciudadanos armstronenses? Ambas compartir\u00e1n sus vivencias y dejaran un mensaje muy valioso para la comunidad.<br \/>\n<a href=\"http:\/\/armstrongyregion.com.ar\/diario\/wp-content\/uploads\/2017\/10\/Flor-Colombo-.jpg\"><img loading=\"lazy\" decoding=\"async\" src=\"http:\/\/armstrongyregion.com.ar\/diario\/wp-content\/uploads\/2017\/10\/Flor-Colombo-.jpg\" alt=\"Flor-Colombo-\" width=\"768\" height=\"512\" class=\"alignnone size-full wp-image-14818\" srcset=\"https:\/\/armstrongyregion.com.ar\/diario\/wp-content\/uploads\/2017\/10\/Flor-Colombo-.jpg 768w, https:\/\/armstrongyregion.com.ar\/diario\/wp-content\/uploads\/2017\/10\/Flor-Colombo--300x200.jpg 300w\" sizes=\"auto, (max-width: 768px) 100vw, 768px\" \/><\/a>Cerraran este programa las ginec\u00f3logas Dra. Florencia Colombo y Dra. Danisa Biagetti, remarcando esta cruzada solidaria en el mes de octubre, las profesionales dialogaran sobre el C\u00e1ncer de Mama, ya que en este mes se contribuye a aumentar la atenci\u00f3n y el apoyo prestados a la sensibilizaci\u00f3n, la detecci\u00f3n precoz, el tratamiento y los cuidados paliativos.<br \/>\nFuente Programa Televisivo: \u201cPrevenci\u00f3n y Salud\u201d.<br \/>\nDra. Ver\u00f3nica Barone- Silvina Vega Urqu\u00eda- Luciana Chiarla- Dra. Florencia Colombo- Dra. Danisa Biagetti.<br \/>\nPrograma Tv. Prevenci\u00f3n y Salud. Lunes 9 de octubre 13,30hs.<br \/>\nReiteraci\u00f3n: Jueves 20hs y s\u00e1bado 12,00hs.<\/p>\n","protected":false},"excerpt":{"rendered":"<p>El SAMCo local con su staff de profesionales, familiares y personas que han padecido la enfermedad se suman a esta campa\u00f1a de lucha contra el c\u00e1ncer de mama que culminara con diversas actividades el pr\u00f3ximo 19 de octubre. Participaran del \u201cPrograma Televisivo Prevencion y Salud\u201d. La Directora del nosocomio local, Ver\u00f3nica Barone, en dialogo con <a href=\"https:\/\/armstrongyregion.com.ar\/diario\/armstrong-cruzada-solidaria-contra-el-cancer-de-mama\/\" title=\"Read more\" >&#8230;<\/a><\/p>\n","protected":false},"author":1,"featured_media":14816,"comment_status":"open","ping_status":"open","sticky":false,"template":"","format":"standard","meta":{"_jetpack_memberships_contains_paid_content":false,"footnotes":"","jetpack_publicize_message":"","jetpack_publicize_feature_enabled":true,"jetpack_social_post_already_shared":false,"jetpack_social_options":{"image_generator_settings":{"template":"highway","default_image_id":0,"enabled":false},"version":2}},"categories":[6,8,1,2,4],"tags":[5997],"class_list":["post-14815","post","type-post","status-publish","format-standard","has-post-thumbnail","hentry","category-cultura-entretenimiento","category-deliberando","category-diario-armstrong","category-locales","category-prevencion-salud","tag-armstrong-cruzada-solidaria-contra-el-cancer-de-mama"],"jetpack_publicize_connections":[],"jetpack_featured_media_url":"https:\/\/armstrongyregion.com.ar\/diario\/wp-content\/uploads\/2017\/10\/Silvina-Vega-.jpg","jetpack_shortlink":"https:\/\/wp.me\/p62QDO-3QX","jetpack_sharing_enabled":true,"amp_enabled":true,"_links":{"self":[{"href":"https:\/\/armstrongyregion.com.ar\/diario\/wp-json\/wp\/v2\/posts\/14815","targetHints":{"allow":["GET"]}}],"collection":[{"href":"https:\/\/armstrongyregion.com.ar\/diario\/wp-json\/wp\/v2\/posts"}],"about":[{"href":"https:\/\/armstrongyregion.com.ar\/diario\/wp-json\/wp\/v2\/types\/post"}],"author":[{"embeddable":true,"href":"https:\/\/armstrongyregion.com.ar\/diario\/wp-json\/wp\/v2\/users\/1"}],"replies":[{"embeddable":true,"href":"https:\/\/armstrongyregion.com.ar\/diario\/wp-json\/wp\/v2\/comments?post=14815"}],"version-history":[{"count":0,"href":"https:\/\/armstrongyregion.com.ar\/diario\/wp-json\/wp\/v2\/posts\/14815\/revisions"}],"wp:featuredmedia":[{"embeddable":true,"href":"https:\/\/armstrongyregion.com.ar\/diario\/wp-json\/wp\/v2\/media\/14816"}],"wp:attachment":[{"href":"https:\/\/armstrongyregion.com.ar\/diario\/wp-json\/wp\/v2\/media?parent=14815"}],"wp:term":[{"taxonomy":"category","embeddable":true,"href":"https:\/\/armstrongyregion.com.ar\/diario\/wp-json\/wp\/v2\/categories?post=14815"},{"taxonomy":"post_tag","embeddable":true,"href":"https:\/\/armstrongyregion.com.ar\/diario\/wp-json\/wp\/v2\/tags?post=14815"}],"curies":[{"name":"wp","href":"https:\/\/api.w.org\/{rel}","templated":true}]}}