{"id":14809,"date":"2017-10-08T16:08:42","date_gmt":"2017-10-08T16:08:42","guid":{"rendered":"https:\/\/armstrongyregion.com.ar\/diario\/?p=14809"},"modified":"2017-10-08T16:10:21","modified_gmt":"2017-10-08T16:10:21","slug":"armstrong-comenzaron-los-trabajos-en-donde-funcionara-una-escuela-taller","status":"publish","type":"post","link":"https:\/\/armstrongyregion.com.ar\/diario\/armstrong-comenzaron-los-trabajos-en-donde-funcionara-una-escuela-taller\/","title":{"rendered":"Armstrong. Comenzaron los trabajos en donde funcionara una Escuela Taller."},"content":{"rendered":"<p><a href=\"http:\/\/armstrongyregion.com.ar\/diario\/wp-content\/uploads\/2017\/10\/Verdecchia-Obra-.jpg\"><img loading=\"lazy\" decoding=\"async\" src=\"http:\/\/armstrongyregion.com.ar\/diario\/wp-content\/uploads\/2017\/10\/Verdecchia-Obra-.jpg\" alt=\"Verdecchia-armstrong-region-\" width=\"960\" height=\"540\" class=\"alignnone size-full wp-image-14810\" srcset=\"https:\/\/armstrongyregion.com.ar\/diario\/wp-content\/uploads\/2017\/10\/Verdecchia-Obra-.jpg 960w, https:\/\/armstrongyregion.com.ar\/diario\/wp-content\/uploads\/2017\/10\/Verdecchia-Obra--300x169.jpg 300w\" sizes=\"auto, (max-width: 960px) 100vw, 960px\" \/><\/a>En la ma\u00f1ana del viernes, el Intendente Dr. Pablo Verdecchia junto a Rosana Siri, dieron cita a los medios de comunicaci\u00f3n en calle Moreno intersecci\u00f3n callejuela Brasil, donde comenz\u00f3 una obra en la cual funcionara una Escuela Taller.<br \/>\n<a href=\"http:\/\/armstrongyregion.com.ar\/diario\/wp-content\/uploads\/2017\/10\/Verdecchia-obra-2-.jpg\"><img loading=\"lazy\" decoding=\"async\" src=\"http:\/\/armstrongyregion.com.ar\/diario\/wp-content\/uploads\/2017\/10\/Verdecchia-obra-2-.jpg\" alt=\"Verdecchia-obra-2-\" width=\"960\" height=\"540\" class=\"alignnone size-full wp-image-14812\" srcset=\"https:\/\/armstrongyregion.com.ar\/diario\/wp-content\/uploads\/2017\/10\/Verdecchia-obra-2-.jpg 960w, https:\/\/armstrongyregion.com.ar\/diario\/wp-content\/uploads\/2017\/10\/Verdecchia-obra-2--300x169.jpg 300w\" sizes=\"auto, (max-width: 960px) 100vw, 960px\" \/><\/a>Verdecchia expres\u00f3: \u201cEstamos con este avance de obra, recordamos que ya hubo una licitaci\u00f3n previamente, para justamente la construcci\u00f3n de  esta escuela taller, que en un primer momento va a estar destinada a los talleres de manualidades de la escuela N\u00b0 262 y de la Esc. N\u00b0600 mientras se construya el nuevo edificio de la Escuela T\u00e9cnica\u201d.<br \/>\nLuego a\u00f1adi\u00f3: \u201cEsta es una construcci\u00f3n importante, quedara como escuela taller municipal para la educaci\u00f3n no formal y la verdad que vemos como van avanzando las obras. Es muy lindo ver como va creciendo, como se va desarrollando, esto es avance para la ciudad, cuando uno piensa en la educaci\u00f3n de los chicos es todo\u201d.<\/p>\n","protected":false},"excerpt":{"rendered":"<p>En la ma\u00f1ana del viernes, el Intendente Dr. Pablo Verdecchia junto a Rosana Siri, dieron cita a los medios de comunicaci\u00f3n en calle Moreno intersecci\u00f3n callejuela Brasil, donde comenz\u00f3 una obra en la cual funcionara una Escuela Taller. Verdecchia expres\u00f3: \u201cEstamos con este avance de obra, recordamos que ya hubo una licitaci\u00f3n previamente, para justamente <a href=\"https:\/\/armstrongyregion.com.ar\/diario\/armstrong-comenzaron-los-trabajos-en-donde-funcionara-una-escuela-taller\/\" title=\"Read more\" >&#8230;<\/a><\/p>\n","protected":false},"author":1,"featured_media":14810,"comment_status":"open","ping_status":"open","sticky":false,"template":"","format":"standard","meta":{"_jetpack_memberships_contains_paid_content":false,"footnotes":"","jetpack_publicize_message":"","jetpack_publicize_feature_enabled":true,"jetpack_social_post_already_shared":false,"jetpack_social_options":{"image_generator_settings":{"template":"highway","default_image_id":0,"enabled":false},"version":2}},"categories":[6,8,1,2,7],"tags":[5996],"class_list":["post-14809","post","type-post","status-publish","format-standard","has-post-thumbnail","hentry","category-cultura-entretenimiento","category-deliberando","category-diario-armstrong","category-locales","category-politica","tag-armstrong-comenzaron-los-trabajos-en-donde-funcionara-una-escuela-taller"],"jetpack_publicize_connections":[],"jetpack_featured_media_url":"https:\/\/armstrongyregion.com.ar\/diario\/wp-content\/uploads\/2017\/10\/Verdecchia-Obra-.jpg","jetpack_shortlink":"https:\/\/wp.me\/p62QDO-3QR","jetpack_sharing_enabled":true,"amp_enabled":true,"_links":{"self":[{"href":"https:\/\/armstrongyregion.com.ar\/diario\/wp-json\/wp\/v2\/posts\/14809","targetHints":{"allow":["GET"]}}],"collection":[{"href":"https:\/\/armstrongyregion.com.ar\/diario\/wp-json\/wp\/v2\/posts"}],"about":[{"href":"https:\/\/armstrongyregion.com.ar\/diario\/wp-json\/wp\/v2\/types\/post"}],"author":[{"embeddable":true,"href":"https:\/\/armstrongyregion.com.ar\/diario\/wp-json\/wp\/v2\/users\/1"}],"replies":[{"embeddable":true,"href":"https:\/\/armstrongyregion.com.ar\/diario\/wp-json\/wp\/v2\/comments?post=14809"}],"version-history":[{"count":0,"href":"https:\/\/armstrongyregion.com.ar\/diario\/wp-json\/wp\/v2\/posts\/14809\/revisions"}],"wp:featuredmedia":[{"embeddable":true,"href":"https:\/\/armstrongyregion.com.ar\/diario\/wp-json\/wp\/v2\/media\/14810"}],"wp:attachment":[{"href":"https:\/\/armstrongyregion.com.ar\/diario\/wp-json\/wp\/v2\/media?parent=14809"}],"wp:term":[{"taxonomy":"category","embeddable":true,"href":"https:\/\/armstrongyregion.com.ar\/diario\/wp-json\/wp\/v2\/categories?post=14809"},{"taxonomy":"post_tag","embeddable":true,"href":"https:\/\/armstrongyregion.com.ar\/diario\/wp-json\/wp\/v2\/tags?post=14809"}],"curies":[{"name":"wp","href":"https:\/\/api.w.org\/{rel}","templated":true}]}}