{"id":14802,"date":"2017-10-08T14:49:14","date_gmt":"2017-10-08T14:49:14","guid":{"rendered":"https:\/\/armstrongyregion.com.ar\/diario\/?p=14802"},"modified":"2017-10-08T14:49:14","modified_gmt":"2017-10-08T14:49:14","slug":"canada-de-gomez-clerici-habilito-la-ampliacion-del-m-h-m","status":"publish","type":"post","link":"https:\/\/armstrongyregion.com.ar\/diario\/canada-de-gomez-clerici-habilito-la-ampliacion-del-m-h-m\/","title":{"rendered":"Ca\u00f1ada de G\u00f3mez. Cl\u00e9rici habilit\u00f3 la ampliaci\u00f3n del M.H.M."},"content":{"rendered":"<p><a href=\"http:\/\/armstrongyregion.com.ar\/diario\/wp-content\/uploads\/2017\/10\/Clerici-Museo-34.jpg\"><img loading=\"lazy\" decoding=\"async\" src=\"http:\/\/armstrongyregion.com.ar\/diario\/wp-content\/uploads\/2017\/10\/Clerici-Museo-34.jpg\" alt=\"Clerici-Museo-34\" width=\"768\" height=\"512\" class=\"alignnone size-full wp-image-14803\" srcset=\"https:\/\/armstrongyregion.com.ar\/diario\/wp-content\/uploads\/2017\/10\/Clerici-Museo-34.jpg 768w, https:\/\/armstrongyregion.com.ar\/diario\/wp-content\/uploads\/2017\/10\/Clerici-Museo-34-300x200.jpg 300w\" sizes=\"auto, (max-width: 768px) 100vw, 768px\" \/><\/a>Corresponde al edificio lindante sobre Bv Balcarce, incrementando el archivo de objetos y fotos adem\u00e1s de dar mayor lugar para muestras y exhibiciones. \u201cContinuamos construyendo la historia de la ciudad sinti\u00e9ndonos orgullosamente ca\u00f1adenses con un museo de puertas abiertas, al alcance de todos\u201d, destac\u00f3 la intendenta.<\/p>\n<p>La intendenta Stella Cl\u00e9rici junto al vicepresidente del Concejo Municipal Marcelo Casalegno, el coordinador de Museos y Patrimonio Hist\u00f3rico Pablo Di Tomaso y dem\u00e1s integrantes de su equip\u00f3 habilit\u00f3 la ampliaci\u00f3n del Museo Hist\u00f3rico Municipal.<br \/>\nDe esta manera, luego de un arduo trabajo de toda la gesti\u00f3n municipal se concreta este nuevo espacio que permitir\u00e1 incrementar el archivo de objetos y fotos adem\u00e1s de dar mayor lugar para muestras y exhibiciones. Esta ampliaci\u00f3n coincide con el 95\u00ba aniversario de la declaratoria de ciudad.<br \/>\n\u201cEs un d\u00eda de mucho orgullo por poder abrir este lugar ampliado para que eso que sentimos todos los d\u00edas de ser orgullosamente ca\u00f1adenses pueda estar abonado por este espacio donde todos encontraremos algo que nos identifique\u201d, expres\u00f3 la intendenta destacando que en el Museo se exhibe desde un gliptodonte hasta la trayectoria de grandes deportistas y m\u00fasicos de la ciudad.<\/p>\n","protected":false},"excerpt":{"rendered":"<p>Corresponde al edificio lindante sobre Bv Balcarce, incrementando el archivo de objetos y fotos adem\u00e1s de dar mayor lugar para muestras y exhibiciones. \u201cContinuamos construyendo la historia de la ciudad sinti\u00e9ndonos orgullosamente ca\u00f1adenses con un museo de puertas abiertas, al alcance de todos\u201d, destac\u00f3 la intendenta. La intendenta Stella Cl\u00e9rici junto al vicepresidente del Concejo <a href=\"https:\/\/armstrongyregion.com.ar\/diario\/canada-de-gomez-clerici-habilito-la-ampliacion-del-m-h-m\/\" title=\"Read more\" >&#8230;<\/a><\/p>\n","protected":false},"author":1,"featured_media":14803,"comment_status":"open","ping_status":"open","sticky":false,"template":"","format":"standard","meta":{"_jetpack_memberships_contains_paid_content":false,"footnotes":"","jetpack_publicize_message":"","jetpack_publicize_feature_enabled":true,"jetpack_social_post_already_shared":false,"jetpack_social_options":{"image_generator_settings":{"template":"highway","default_image_id":0,"enabled":false},"version":2}},"categories":[6,1,7,3],"tags":[640,20,83,53,1578,31,2804,388,13],"class_list":["post-14802","post","type-post","status-publish","format-standard","has-post-thumbnail","hentry","category-cultura-entretenimiento","category-diario-armstrong","category-politica","category-region","tag-ampliacion","tag-armstrong","tag-clerici","tag-del","tag-habilito","tag-la","tag-m-h-m","tag-region-2","tag-y"],"jetpack_publicize_connections":[],"jetpack_featured_media_url":"https:\/\/armstrongyregion.com.ar\/diario\/wp-content\/uploads\/2017\/10\/Clerici-Museo-34.jpg","jetpack_shortlink":"https:\/\/wp.me\/p62QDO-3QK","jetpack_sharing_enabled":true,"amp_enabled":true,"_links":{"self":[{"href":"https:\/\/armstrongyregion.com.ar\/diario\/wp-json\/wp\/v2\/posts\/14802","targetHints":{"allow":["GET"]}}],"collection":[{"href":"https:\/\/armstrongyregion.com.ar\/diario\/wp-json\/wp\/v2\/posts"}],"about":[{"href":"https:\/\/armstrongyregion.com.ar\/diario\/wp-json\/wp\/v2\/types\/post"}],"author":[{"embeddable":true,"href":"https:\/\/armstrongyregion.com.ar\/diario\/wp-json\/wp\/v2\/users\/1"}],"replies":[{"embeddable":true,"href":"https:\/\/armstrongyregion.com.ar\/diario\/wp-json\/wp\/v2\/comments?post=14802"}],"version-history":[{"count":0,"href":"https:\/\/armstrongyregion.com.ar\/diario\/wp-json\/wp\/v2\/posts\/14802\/revisions"}],"wp:featuredmedia":[{"embeddable":true,"href":"https:\/\/armstrongyregion.com.ar\/diario\/wp-json\/wp\/v2\/media\/14803"}],"wp:attachment":[{"href":"https:\/\/armstrongyregion.com.ar\/diario\/wp-json\/wp\/v2\/media?parent=14802"}],"wp:term":[{"taxonomy":"category","embeddable":true,"href":"https:\/\/armstrongyregion.com.ar\/diario\/wp-json\/wp\/v2\/categories?post=14802"},{"taxonomy":"post_tag","embeddable":true,"href":"https:\/\/armstrongyregion.com.ar\/diario\/wp-json\/wp\/v2\/tags?post=14802"}],"curies":[{"name":"wp","href":"https:\/\/api.w.org\/{rel}","templated":true}]}}