{"id":1480,"date":"2015-03-29T23:20:45","date_gmt":"2015-03-29T23:20:45","guid":{"rendered":"https:\/\/armstrongyregion.com.ar\/diario\/?p=1480"},"modified":"2015-03-29T23:20:45","modified_gmt":"2015-03-29T23:20:45","slug":"las-rosas-adelante-santa-fe-presento-candidatos","status":"publish","type":"post","link":"https:\/\/armstrongyregion.com.ar\/diario\/las-rosas-adelante-santa-fe-presento-candidatos\/","title":{"rendered":"Las Rosas: \u201cAdelante Santa Fe\u201d present\u00f3 candidatos."},"content":{"rendered":"<p><a href=\"http:\/\/armstrongyregion.com.ar\/diario\/wp-content\/uploads\/2015\/03\/Bonfatti-en-Las-Rosas-067.jpg\"><img loading=\"lazy\" decoding=\"async\" class=\"alignnone size-medium wp-image-1481\" src=\"http:\/\/armstrongyregion.com.ar\/diario\/wp-content\/uploads\/2015\/03\/Bonfatti-en-Las-Rosas-067-300x200.jpg\" alt=\"Bonfatti en Las Rosas\" width=\"300\" height=\"200\" srcset=\"https:\/\/armstrongyregion.com.ar\/diario\/wp-content\/uploads\/2015\/03\/Bonfatti-en-Las-Rosas-067-300x200.jpg 300w, https:\/\/armstrongyregion.com.ar\/diario\/wp-content\/uploads\/2015\/03\/Bonfatti-en-Las-Rosas-067-1024x682.jpg 1024w\" sizes=\"auto, (max-width: 300px) 100vw, 300px\" \/><\/a>El Frente Progresista C\u00edvico y Social, realiz\u00f3 su acto de lanzamiento de los candidatos a intendente y concejales para la ciudad de Las Rosas.<\/p>\n<p>Estuvieron presentes los dirigentes m\u00e1s encumbrados del socialismo santafesino e integrantes del gabinete provincial y diputados provinciales.<\/p>\n<p>Entre los dirigentes estaban: Antonio Bonfatti, gobernador y primer candidato a diputado provincial; Hermes Binner, diputado nacional; Claudia Balagu\u00e9, ministra de educaci\u00f3n de la provincia; los diputados provinciales Alicia Guti\u00e9rrez y Eduardo Dipollina.<\/p>\n<p>Del orden local y regional puedo observarse al pre candidato de senador por Adelante Santa Fe, Dr. Juan Carlos Valdano; el Dr. Pablo Verdecchia, pre candidato por otra de las l\u00edneas del frente junto a Daniel Cairo, candidato a senador suplente; la candidata a intendenta de Las Parejas, Arq. Sandra Clerici; la candidata a concejal de esa ciudad tambi\u00e9n Silvia Ardusso y el presidente comunal de Montes de Oca, Leandro Diestchi entre otros.<\/p>\n<p>El intendente de Las Rosas, acompa\u00f1\u00f3 al candidato a la intendencia de la ciudad, Mario Ramos junto a los integrantes de la lista de concejales que encabeza, Alejandro Marentes.<\/p>\n<p>La apertura del acto estuvo a cargo de Marentes, quien desarrollo su mensaje marcando cuales son las propuestas de la lista de ediles; acto seguido Mario Ramos, marc\u00f3 las propuestas que llevar\u00e1 como base de la campa\u00f1a destacando lo importantes de la continuidad de lo ya iniciado por el Frente Progresista; tambi\u00e9n Hermes Binner, habl\u00f3 a la concurrencia, destacando el trabajo de los dirigentes de la ciudad y del departamento y pidiendo voten a los candidatos del Frente, marcando diferencia con otros candidatos para seguir con el proyecto ya iniciado a partir de su paso por la gobernaci\u00f3n.<\/p>\n<p>El mensaje final fue pronunciado por el Dr. Antonio Bonfatti, desarrollando un detalle de lo que se ha hecho en este tiempo y que votar nuevamente al Frente ser\u00eda consolidar el proyecto trazado. A la hora de hablar de los candidatos locales, remarc\u00f3 la juventud y empe\u00f1o de Mario Ramos que buscar\u00e1 la intendencia y un claro respaldo a Valdano, de extracci\u00f3n socialista, en su postulaci\u00f3n a la senadur\u00eda.<\/p>\n<p>Tras este mensaje, se sirvi\u00f3 la cena organizada por el partido socialista de Las Rosas y acto seguido se desarrollo un espect\u00e1culo musical con artistas locales.<\/p>\n<p>La concurrencia estimada fue de cerca de quinientas personas y se desarrollo en uno de los gimnasios del Club Almafuerte.<\/p>\n","protected":false},"excerpt":{"rendered":"<p>El Frente Progresista C\u00edvico y Social, realiz\u00f3 su acto de lanzamiento de los candidatos a intendente y concejales para la ciudad de Las Rosas. Estuvieron presentes los dirigentes m\u00e1s encumbrados del socialismo santafesino e integrantes del gabinete provincial y diputados provinciales. Entre los dirigentes estaban: Antonio Bonfatti, gobernador y primer candidato a diputado provincial; Hermes <a href=\"https:\/\/armstrongyregion.com.ar\/diario\/las-rosas-adelante-santa-fe-presento-candidatos\/\" title=\"Read more\" >&#8230;<\/a><\/p>\n","protected":false},"author":2,"featured_media":1481,"comment_status":"open","ping_status":"open","sticky":false,"template":"","format":"standard","meta":{"_jetpack_memberships_contains_paid_content":false,"footnotes":"","jetpack_publicize_message":"","jetpack_publicize_feature_enabled":true,"jetpack_social_post_already_shared":false,"jetpack_social_options":{"image_generator_settings":{"template":"highway","default_image_id":0,"enabled":false},"version":2}},"categories":[1,7,3],"tags":[1287,765,77,23,25,361,399],"class_list":["post-1480","post","type-post","status-publish","format-standard","has-post-thumbnail","hentry","category-diario-armstrong","category-politica","category-region","tag-adelante","tag-candidatos","tag-fe","tag-las","tag-presento","tag-rosas","tag-santa"],"jetpack_publicize_connections":[],"jetpack_featured_media_url":"https:\/\/armstrongyregion.com.ar\/diario\/wp-content\/uploads\/2015\/03\/Bonfatti-en-Las-Rosas-067.jpg","jetpack_shortlink":"https:\/\/wp.me\/p62QDO-nS","jetpack_sharing_enabled":true,"amp_enabled":true,"_links":{"self":[{"href":"https:\/\/armstrongyregion.com.ar\/diario\/wp-json\/wp\/v2\/posts\/1480","targetHints":{"allow":["GET"]}}],"collection":[{"href":"https:\/\/armstrongyregion.com.ar\/diario\/wp-json\/wp\/v2\/posts"}],"about":[{"href":"https:\/\/armstrongyregion.com.ar\/diario\/wp-json\/wp\/v2\/types\/post"}],"author":[{"embeddable":true,"href":"https:\/\/armstrongyregion.com.ar\/diario\/wp-json\/wp\/v2\/users\/2"}],"replies":[{"embeddable":true,"href":"https:\/\/armstrongyregion.com.ar\/diario\/wp-json\/wp\/v2\/comments?post=1480"}],"version-history":[{"count":0,"href":"https:\/\/armstrongyregion.com.ar\/diario\/wp-json\/wp\/v2\/posts\/1480\/revisions"}],"wp:featuredmedia":[{"embeddable":true,"href":"https:\/\/armstrongyregion.com.ar\/diario\/wp-json\/wp\/v2\/media\/1481"}],"wp:attachment":[{"href":"https:\/\/armstrongyregion.com.ar\/diario\/wp-json\/wp\/v2\/media?parent=1480"}],"wp:term":[{"taxonomy":"category","embeddable":true,"href":"https:\/\/armstrongyregion.com.ar\/diario\/wp-json\/wp\/v2\/categories?post=1480"},{"taxonomy":"post_tag","embeddable":true,"href":"https:\/\/armstrongyregion.com.ar\/diario\/wp-json\/wp\/v2\/tags?post=1480"}],"curies":[{"name":"wp","href":"https:\/\/api.w.org\/{rel}","templated":true}]}}