{"id":1477,"date":"2015-03-29T23:00:27","date_gmt":"2015-03-29T23:00:27","guid":{"rendered":"https:\/\/armstrongyregion.com.ar\/diario\/?p=1477"},"modified":"2015-03-29T23:00:27","modified_gmt":"2015-03-29T23:00:27","slug":"la-intendenta-clerici-entrego-piano-en-el-teatro-verdi","status":"publish","type":"post","link":"https:\/\/armstrongyregion.com.ar\/diario\/la-intendenta-clerici-entrego-piano-en-el-teatro-verdi\/","title":{"rendered":"La intendenta Cl\u00e9rici entreg\u00f3 piano en el Teatro Verdi."},"content":{"rendered":"<p><a href=\"http:\/\/armstrongyregion.com.ar\/diario\/wp-content\/uploads\/2015\/03\/IMG_1101.jpg\"><img loading=\"lazy\" decoding=\"async\" class=\"alignnone size-medium wp-image-1478\" src=\"http:\/\/armstrongyregion.com.ar\/diario\/wp-content\/uploads\/2015\/03\/IMG_1101-300x200.jpg\" alt=\"piano en el Verdi\" width=\"300\" height=\"200\" srcset=\"https:\/\/armstrongyregion.com.ar\/diario\/wp-content\/uploads\/2015\/03\/IMG_1101-300x200.jpg 300w, https:\/\/armstrongyregion.com.ar\/diario\/wp-content\/uploads\/2015\/03\/IMG_1101.jpg 750w\" sizes=\"auto, (max-width: 300px) 100vw, 300px\" \/><\/a>Es obsequio del municipio por los noventa a\u00f1os de la instituci\u00f3n.<br \/>\nAdem\u00e1s anunci\u00f3 que luego de gestiones iniciadas por su equipo de gobierno el Fonda nacional de las Artes financiar\u00e1 trabajos para la<br \/>\nclimatizaci\u00f3n de la sala.<\/p>\n<p>Luego del anuncio realizado semanas atr\u00e1s, la intendenta Stella Cl\u00e9rici concret\u00f3 el s\u00e1bado por la noche la entrega de un piano alem\u00e1n al Teatro<br \/>\nVerdi, regalo de la gesti\u00f3n municipal por los noventa a\u00f1os de la instituci\u00f3n.<br \/>\nEl obsequio se present\u00f3 en la gala de tango llevada a cabo con la participaci\u00f3n del Ballet \u201cCa\u00f1ada de G\u00f3mez\u201d, la Orquesta Municipal de<br \/>\nTango y Virginia Marchetti. En ese marco, Cl\u00e9rici junto a la secretaria de Gobierno Carina Mozzoni anunci\u00f3 que luego de gestiones iniciadas por<br \/>\nel municipio, el Fondo Nacional de la Artes financiar\u00e1 trabajos para la climatizaci\u00f3n de la sala, en una primera etapa con un aporte de<br \/>\ndoscientos mil pesos.<br \/>\n\u201cEste piano es algo muy deseado por toda la comunidad de este querido Teatro Verdi que permitir\u00e1 traer grandes concertistas de primer nivel y<br \/>\nes un orgullo que sea estrenado por nuestra orquesta municipal de tango\u201d, expres\u00f3 la intendenta.<\/p>\n","protected":false},"excerpt":{"rendered":"<p>Es obsequio del municipio por los noventa a\u00f1os de la instituci\u00f3n. Adem\u00e1s anunci\u00f3 que luego de gestiones iniciadas por su equipo de gobierno el Fonda nacional de las Artes financiar\u00e1 trabajos para la climatizaci\u00f3n de la sala. Luego del anuncio realizado semanas atr\u00e1s, la intendenta Stella Cl\u00e9rici concret\u00f3 el s\u00e1bado por la noche la entrega <a href=\"https:\/\/armstrongyregion.com.ar\/diario\/la-intendenta-clerici-entrego-piano-en-el-teatro-verdi\/\" title=\"Read more\" >&#8230;<\/a><\/p>\n","protected":false},"author":2,"featured_media":1478,"comment_status":"open","ping_status":"open","sticky":false,"template":"","format":"standard","meta":{"_jetpack_memberships_contains_paid_content":false,"footnotes":"","jetpack_publicize_message":"","jetpack_publicize_feature_enabled":true,"jetpack_social_post_already_shared":false,"jetpack_social_options":{"image_generator_settings":{"template":"highway","default_image_id":0,"enabled":false},"version":2}},"categories":[1,3],"tags":[],"class_list":["post-1477","post","type-post","status-publish","format-standard","has-post-thumbnail","hentry","category-diario-armstrong","category-region"],"jetpack_publicize_connections":[],"jetpack_featured_media_url":"https:\/\/armstrongyregion.com.ar\/diario\/wp-content\/uploads\/2015\/03\/IMG_1101.jpg","jetpack_shortlink":"https:\/\/wp.me\/p62QDO-nP","jetpack_sharing_enabled":true,"amp_enabled":true,"_links":{"self":[{"href":"https:\/\/armstrongyregion.com.ar\/diario\/wp-json\/wp\/v2\/posts\/1477","targetHints":{"allow":["GET"]}}],"collection":[{"href":"https:\/\/armstrongyregion.com.ar\/diario\/wp-json\/wp\/v2\/posts"}],"about":[{"href":"https:\/\/armstrongyregion.com.ar\/diario\/wp-json\/wp\/v2\/types\/post"}],"author":[{"embeddable":true,"href":"https:\/\/armstrongyregion.com.ar\/diario\/wp-json\/wp\/v2\/users\/2"}],"replies":[{"embeddable":true,"href":"https:\/\/armstrongyregion.com.ar\/diario\/wp-json\/wp\/v2\/comments?post=1477"}],"version-history":[{"count":0,"href":"https:\/\/armstrongyregion.com.ar\/diario\/wp-json\/wp\/v2\/posts\/1477\/revisions"}],"wp:featuredmedia":[{"embeddable":true,"href":"https:\/\/armstrongyregion.com.ar\/diario\/wp-json\/wp\/v2\/media\/1478"}],"wp:attachment":[{"href":"https:\/\/armstrongyregion.com.ar\/diario\/wp-json\/wp\/v2\/media?parent=1477"}],"wp:term":[{"taxonomy":"category","embeddable":true,"href":"https:\/\/armstrongyregion.com.ar\/diario\/wp-json\/wp\/v2\/categories?post=1477"},{"taxonomy":"post_tag","embeddable":true,"href":"https:\/\/armstrongyregion.com.ar\/diario\/wp-json\/wp\/v2\/tags?post=1477"}],"curies":[{"name":"wp","href":"https:\/\/api.w.org\/{rel}","templated":true}]}}