{"id":14765,"date":"2017-10-04T23:52:18","date_gmt":"2017-10-04T23:52:18","guid":{"rendered":"https:\/\/armstrongyregion.com.ar\/diario\/?p=14765"},"modified":"2017-10-04T23:52:18","modified_gmt":"2017-10-04T23:52:18","slug":"candidatos-a-diputado-nacional-por-santa-fe-debatieron-en-la-unr","status":"publish","type":"post","link":"https:\/\/armstrongyregion.com.ar\/diario\/candidatos-a-diputado-nacional-por-santa-fe-debatieron-en-la-unr\/","title":{"rendered":"Candidatos a diputado nacional por Santa Fe debatieron en la UNR."},"content":{"rendered":"<p><a href=\"http:\/\/armstrongyregion.com.ar\/diario\/wp-content\/uploads\/2017\/10\/debate1.jpg_1305449671.jpg\"><img loading=\"lazy\" decoding=\"async\" src=\"http:\/\/armstrongyregion.com.ar\/diario\/wp-content\/uploads\/2017\/10\/debate1.jpg_1305449671.jpg\" alt=\"debate1\" width=\"847\" height=\"476\" class=\"alignnone size-full wp-image-14766\" srcset=\"https:\/\/armstrongyregion.com.ar\/diario\/wp-content\/uploads\/2017\/10\/debate1.jpg_1305449671.jpg 847w, https:\/\/armstrongyregion.com.ar\/diario\/wp-content\/uploads\/2017\/10\/debate1.jpg_1305449671-300x169.jpg 300w\" sizes=\"auto, (max-width: 847px) 100vw, 847px\" \/><\/a>Ocho de los diez postulantes expusieron sus propuestas en la Facultad de Ciencia Pol\u00edtica, de cara a las elecciones del 22 de octubre. Estuvieron ausentes el postulante de Cambiemos, Albor Cantard, y del Partido Popular, Amalia Granata.<br \/>\nCandidatos a diputados nacionales por Santa Fe participaron este mi\u00e9rcoles de un debate en la Facultad de Ciencia Pol\u00edtica de la Universidad Nacional de Rosario (UNR). Ocho de los diez postulantes, los primeros de cada lista, expusieron sus propuestas y proyectos sobre cuatro ejes tem\u00e1ticos de cara a las elecciones del 22 de octubre.<\/p>\n<p>Estuvieron presentes Agust\u00edn Rossi (Frente Justicialista), Luis Contigiani (Frente Progresista C\u00edvico y Social), Jorge Boasso (Unite por la Libertad y la Dignidad), Diego Giuliano (1 Proyecto Santafesino), Caren Tepp (Ciudad Futura), Carlos Del Frade (Frente Social y Popular), Octavio Crivaro (Frente de Izquierda) y Walter Ghione (Espacio Grande).<\/p>\n<p>Los ausentes fueron los candidatos de la lista de Cambiemos, encabezada por Albor Cantard, situaci\u00f3n que fue cuestionada por el resto de los postulantes dado que el referente de la n\u00f3mina macrista es un dirigente vinculado a la universidad p\u00fablica: fue secretario de Pol\u00edticas Universitarias de la Naci\u00f3n y ex rector de la Universidad Nacional del Litoral (UNL).<\/p>\n<p>Tampoco se hizo presente la candidata del Partido Popular, Amalia Granata.<\/p>\n<p>El debate se organiz\u00f3 en torno a cuatro ejes tem\u00e1ticos: Producci\u00f3n y trabajo, Federalismo, G\u00e9nero y diversidad y Seguridad y narcotr\u00e1fico. Cada candidato tuvo un minuto y medio para exponer. Al finalizar la ronda, cada uno de los postulantes tuvo un minuto adicional para agregar una idea o para hacer una r\u00e9plica.<\/p>\n<p>La organizaci\u00f3n estuvo a cargo de la Facultad de Ciencia Pol\u00edtica y Relaciones Internacionales de la Universidad Nacional de Rosario (UNR), el Centro de Estudiantes de esa casa de estudios, la organizaci\u00f3n Ejercicio Ciudadano y la Organizaci\u00f3n Argentina de J\u00f3venes para las Naciones Unidas.<\/p>\n<p>Las instancias del debate se siguieron en las redes sociales con el hashtag #fcpolitdebate, se transmiti\u00f3 en vivo por Radio Universidad y por Facebook.<br \/>\nPor Rosario3.com<\/p>\n","protected":false},"excerpt":{"rendered":"<p>Ocho de los diez postulantes expusieron sus propuestas en la Facultad de Ciencia Pol\u00edtica, de cara a las elecciones del 22 de octubre. Estuvieron ausentes el postulante de Cambiemos, Albor Cantard, y del Partido Popular, Amalia Granata. Candidatos a diputados nacionales por Santa Fe participaron este mi\u00e9rcoles de un debate en la Facultad de Ciencia <a href=\"https:\/\/armstrongyregion.com.ar\/diario\/candidatos-a-diputado-nacional-por-santa-fe-debatieron-en-la-unr\/\" title=\"Read more\" >&#8230;<\/a><\/p>\n","protected":false},"author":1,"featured_media":14766,"comment_status":"open","ping_status":"open","sticky":false,"template":"","format":"standard","meta":{"_jetpack_memberships_contains_paid_content":false,"footnotes":"","jetpack_publicize_message":"","jetpack_publicize_feature_enabled":true,"jetpack_social_post_already_shared":false,"jetpack_social_options":{"image_generator_settings":{"template":"highway","default_image_id":0,"enabled":false},"version":2}},"categories":[8,1,2,7,3],"tags":[5985],"class_list":["post-14765","post","type-post","status-publish","format-standard","has-post-thumbnail","hentry","category-deliberando","category-diario-armstrong","category-locales","category-politica","category-region","tag-candidatos-a-diputado-nacional-por-santa-fe-debatieron-en-la-unr"],"jetpack_publicize_connections":[],"jetpack_featured_media_url":"https:\/\/armstrongyregion.com.ar\/diario\/wp-content\/uploads\/2017\/10\/debate1.jpg_1305449671.jpg","jetpack_shortlink":"https:\/\/wp.me\/p62QDO-3Q9","jetpack_sharing_enabled":true,"amp_enabled":true,"_links":{"self":[{"href":"https:\/\/armstrongyregion.com.ar\/diario\/wp-json\/wp\/v2\/posts\/14765","targetHints":{"allow":["GET"]}}],"collection":[{"href":"https:\/\/armstrongyregion.com.ar\/diario\/wp-json\/wp\/v2\/posts"}],"about":[{"href":"https:\/\/armstrongyregion.com.ar\/diario\/wp-json\/wp\/v2\/types\/post"}],"author":[{"embeddable":true,"href":"https:\/\/armstrongyregion.com.ar\/diario\/wp-json\/wp\/v2\/users\/1"}],"replies":[{"embeddable":true,"href":"https:\/\/armstrongyregion.com.ar\/diario\/wp-json\/wp\/v2\/comments?post=14765"}],"version-history":[{"count":0,"href":"https:\/\/armstrongyregion.com.ar\/diario\/wp-json\/wp\/v2\/posts\/14765\/revisions"}],"wp:featuredmedia":[{"embeddable":true,"href":"https:\/\/armstrongyregion.com.ar\/diario\/wp-json\/wp\/v2\/media\/14766"}],"wp:attachment":[{"href":"https:\/\/armstrongyregion.com.ar\/diario\/wp-json\/wp\/v2\/media?parent=14765"}],"wp:term":[{"taxonomy":"category","embeddable":true,"href":"https:\/\/armstrongyregion.com.ar\/diario\/wp-json\/wp\/v2\/categories?post=14765"},{"taxonomy":"post_tag","embeddable":true,"href":"https:\/\/armstrongyregion.com.ar\/diario\/wp-json\/wp\/v2\/tags?post=14765"}],"curies":[{"name":"wp","href":"https:\/\/api.w.org\/{rel}","templated":true}]}}