{"id":14763,"date":"2017-10-04T23:43:06","date_gmt":"2017-10-04T23:43:06","guid":{"rendered":"https:\/\/armstrongyregion.com.ar\/diario\/?p=14763"},"modified":"2017-10-04T23:43:06","modified_gmt":"2017-10-04T23:43:06","slug":"gramigna-es-triste-que-solo-en-epoca-electoral-aparezcan-las-obras-los-proyectos-y-las-ganas-de-trabajar-del-oficialismo","status":"publish","type":"post","link":"https:\/\/armstrongyregion.com.ar\/diario\/gramigna-es-triste-que-solo-en-epoca-electoral-aparezcan-las-obras-los-proyectos-y-las-ganas-de-trabajar-del-oficialismo\/","title":{"rendered":"Gramigna \u201cEs triste que s\u00f3lo en \u00e9poca electoral aparezcan las obras, los proyectos y las ganas de trabajar del oficialismo\u201d"},"content":{"rendered":"<p><a href=\"http:\/\/armstrongyregion.com.ar\/diario\/wp-content\/uploads\/2017\/08\/Gramigna-Campa\u00f1a-.jpg\"><img loading=\"lazy\" decoding=\"async\" src=\"http:\/\/armstrongyregion.com.ar\/diario\/wp-content\/uploads\/2017\/08\/Gramigna-Campa\u00f1a-.jpg\" alt=\"Gramigna-Campa\u00f1a-\" width=\"730\" height=\"600\" class=\"alignnone size-full wp-image-14170\" srcset=\"https:\/\/armstrongyregion.com.ar\/diario\/wp-content\/uploads\/2017\/08\/Gramigna-Campa\u00f1a-.jpg 730w, https:\/\/armstrongyregion.com.ar\/diario\/wp-content\/uploads\/2017\/08\/Gramigna-Campa\u00f1a--300x247.jpg 300w\" sizes=\"auto, (max-width: 730px) 100vw, 730px\" \/><\/a>As\u00ed se refiri\u00f3 el Concejal  Emiliano Gramigna  al ser consultado por las ordenanzas que ingres\u00f3 el ejecutivo en la \u00faltima sesi\u00f3n del Concejo previa a las elecciones.<br \/>\nLuego agreg\u00f3 \u201cNuestro trabajo fue sostenido a lo largo de todos los a\u00f1os que Renovaci\u00f3n por Armstrong ocup\u00f3 una banca en el Concejo, atendimos, escuchamos y llevamos al recinto todas las demandas de la gente, desde las m\u00e1s grandes hasta las m\u00e1s peque\u00f1as, y eso la gente en la calle lo reconoce, por eso nos ve como la mejor alternativa de gobierno\u201d.<br \/>\nCon respecto a los proyectos presentados por su bloque dijo: \u201cTodos los proyectos que presentamos en \u00e9sta \u00faltima sesi\u00f3n son sobre el mantenimiento de los espacios p\u00fablicos de nuestra ciudad que se encuentran olvidados desde hace bastante tiempo\u201d.<br \/>\nAl ser consultado por las pr\u00f3ximas elecciones del 22 de Octubre en la que disputar\u00e1 la Intendencia concluy\u00f3: \u201cEn Armstrong se ponen en disputa dos modelos de ciudad, el de la continuidad de un presente flojo y oportunista o el modelo de un gobierno eficiente, transparente y cercano a la gente\u201d.<\/p>\n","protected":false},"excerpt":{"rendered":"<p>As\u00ed se refiri\u00f3 el Concejal Emiliano Gramigna al ser consultado por las ordenanzas que ingres\u00f3 el ejecutivo en la \u00faltima sesi\u00f3n del Concejo previa a las elecciones. Luego agreg\u00f3 \u201cNuestro trabajo fue sostenido a lo largo de todos los a\u00f1os que Renovaci\u00f3n por Armstrong ocup\u00f3 una banca en el Concejo, atendimos, escuchamos y llevamos al <a href=\"https:\/\/armstrongyregion.com.ar\/diario\/gramigna-es-triste-que-solo-en-epoca-electoral-aparezcan-las-obras-los-proyectos-y-las-ganas-de-trabajar-del-oficialismo\/\" title=\"Read more\" >&#8230;<\/a><\/p>\n","protected":false},"author":1,"featured_media":14516,"comment_status":"open","ping_status":"open","sticky":false,"template":"","format":"standard","meta":{"_jetpack_memberships_contains_paid_content":false,"footnotes":"","jetpack_publicize_message":"","jetpack_publicize_feature_enabled":true,"jetpack_social_post_already_shared":false,"jetpack_social_options":{"image_generator_settings":{"template":"highway","default_image_id":0,"enabled":false},"version":2}},"categories":[8,1,2,7,3],"tags":[5983,5984],"class_list":["post-14763","post","type-post","status-publish","format-standard","has-post-thumbnail","hentry","category-deliberando","category-diario-armstrong","category-locales","category-politica","category-region","tag-gramigna-es-triste-que-solo-en-epoca-electoral-aparezcan-las-obras","tag-los-proyectos-y-las-ganas-de-trabajar-del-oficialismo"],"jetpack_publicize_connections":[],"jetpack_featured_media_url":"https:\/\/armstrongyregion.com.ar\/diario\/wp-content\/uploads\/2017\/09\/Gramigna-Campa\u00f1a-.jpg","jetpack_shortlink":"https:\/\/wp.me\/p62QDO-3Q7","jetpack_sharing_enabled":true,"amp_enabled":true,"_links":{"self":[{"href":"https:\/\/armstrongyregion.com.ar\/diario\/wp-json\/wp\/v2\/posts\/14763","targetHints":{"allow":["GET"]}}],"collection":[{"href":"https:\/\/armstrongyregion.com.ar\/diario\/wp-json\/wp\/v2\/posts"}],"about":[{"href":"https:\/\/armstrongyregion.com.ar\/diario\/wp-json\/wp\/v2\/types\/post"}],"author":[{"embeddable":true,"href":"https:\/\/armstrongyregion.com.ar\/diario\/wp-json\/wp\/v2\/users\/1"}],"replies":[{"embeddable":true,"href":"https:\/\/armstrongyregion.com.ar\/diario\/wp-json\/wp\/v2\/comments?post=14763"}],"version-history":[{"count":0,"href":"https:\/\/armstrongyregion.com.ar\/diario\/wp-json\/wp\/v2\/posts\/14763\/revisions"}],"wp:featuredmedia":[{"embeddable":true,"href":"https:\/\/armstrongyregion.com.ar\/diario\/wp-json\/wp\/v2\/media\/14516"}],"wp:attachment":[{"href":"https:\/\/armstrongyregion.com.ar\/diario\/wp-json\/wp\/v2\/media?parent=14763"}],"wp:term":[{"taxonomy":"category","embeddable":true,"href":"https:\/\/armstrongyregion.com.ar\/diario\/wp-json\/wp\/v2\/categories?post=14763"},{"taxonomy":"post_tag","embeddable":true,"href":"https:\/\/armstrongyregion.com.ar\/diario\/wp-json\/wp\/v2\/tags?post=14763"}],"curies":[{"name":"wp","href":"https:\/\/api.w.org\/{rel}","templated":true}]}}