{"id":14761,"date":"2017-10-04T23:30:09","date_gmt":"2017-10-04T23:30:09","guid":{"rendered":"https:\/\/armstrongyregion.com.ar\/diario\/?p=14761"},"modified":"2017-10-04T23:30:09","modified_gmt":"2017-10-04T23:30:09","slug":"fischer-solicite-al-ejecutivo-reductores-de-velocidad-en-una-zona-transitada-especialmente-por-ninos","status":"publish","type":"post","link":"https:\/\/armstrongyregion.com.ar\/diario\/fischer-solicite-al-ejecutivo-reductores-de-velocidad-en-una-zona-transitada-especialmente-por-ninos\/","title":{"rendered":"Fischer: \u00abSolicit\u00e9 al Ejecutivo reductores de velocidad en una zona transitada especialmente por ni\u00f1os\u201d"},"content":{"rendered":"<p><a href=\"http:\/\/armstrongyregion.com.ar\/diario\/wp-content\/uploads\/2016\/12\/DSC_0293.jpg\"><img loading=\"lazy\" decoding=\"async\" src=\"http:\/\/armstrongyregion.com.ar\/diario\/wp-content\/uploads\/2016\/12\/DSC_0293-1024x683.jpg\" alt=\"Augusto-Fischer-\" width=\"800\" height=\"534\" class=\"alignnone size-large wp-image-10884\" srcset=\"https:\/\/armstrongyregion.com.ar\/diario\/wp-content\/uploads\/2016\/12\/DSC_0293-1024x683.jpg 1024w, https:\/\/armstrongyregion.com.ar\/diario\/wp-content\/uploads\/2016\/12\/DSC_0293-300x200.jpg 300w\" sizes=\"auto, (max-width: 800px) 100vw, 800px\" \/><\/a>El d\u00eda Martes, el Concejal Augusto Fischer present\u00f3 un proyecto para que el Ejecutivo Municipal estudie la posibilidad de contar con reductores de velocidad en calle Pte. Per\u00f3n entre Fischer y Mart\u00ednez \u00abPorque all\u00ed tenemos el jard\u00edn 84, la escuelita 2100, el museo, el Bracito Fuerte, el hogar de ancianos, el hospital, o sea, es una zona  muy transitada, especialmente por ni\u00f1os, y considero que en toda esa zona hay que controlar la velocidad para prevenir accidentes\u00bb.<\/p>\n<p>Luego, al preguntarle sobre los dos proyectos enviados por el Ejecutivo que pasaron a comisi\u00f3n, uno sobre la adquisici\u00f3n de una ambulancia de terapia, y el otro sobre la reutilizaci\u00f3n del Fondo Rotatorio, respondi\u00f3: \u00abSi. Ped\u00ed que pasen a comisi\u00f3n para discutirlo con los dem\u00e1s Concejales como corresponde. Respecto al primero, nos piden que autoricemos al Ejecutivo para que el Municipio le compre (no por licitaci\u00f3n, sino por compra directa) una ambulancia a la Cooperativa El\u00e9ctrica, una ambulancia que yo conozco bien, desde que se compr\u00f3 hace 18 a\u00f1os, y que ellos dicen que es de terapia intensiva y no lo es\u00bb.<\/p>\n<p>\u00abYo soy de la idea de que esa ambulancia deber\u00eda ser donada por la Cooperativa El\u00e9ctrica al Hospital, y no vend\u00e9rsela. Por varias razones: porque ya bastante cara es la luz, el agua, y los servicios que presta la Cooperativa, y cobra adem\u00e1s la taza de ambulancia. Ser\u00eda una manera de retribuir a la comunidad y al hospital tambi\u00e9n, lo que recibe, ya que el hospital muchas veces le cede las ambulancias para trasladar ellos los pacientes a Rosario\u00bb. \u00abY principalmente porque el hospital ya tiene una ambulancia de terapia intensiva, o sea, no es una necesidad urgente como otras, como por ejemplo, en \u00e9ste momento estamos necesitando m\u00e1s salas de internaci\u00f3n y m\u00e1s consultorios. Es decir, es preferible que la Municipalidad invierta esos $250.000 en lo que realmente hace falta\u00bb concluy\u00f3 el Concejal.<\/p>\n","protected":false},"excerpt":{"rendered":"<p>El d\u00eda Martes, el Concejal Augusto Fischer present\u00f3 un proyecto para que el Ejecutivo Municipal estudie la posibilidad de contar con reductores de velocidad en calle Pte. Per\u00f3n entre Fischer y Mart\u00ednez \u00abPorque all\u00ed tenemos el jard\u00edn 84, la escuelita 2100, el museo, el Bracito Fuerte, el hogar de ancianos, el hospital, o sea, es <a href=\"https:\/\/armstrongyregion.com.ar\/diario\/fischer-solicite-al-ejecutivo-reductores-de-velocidad-en-una-zona-transitada-especialmente-por-ninos\/\" title=\"Read more\" >&#8230;<\/a><\/p>\n","protected":false},"author":1,"featured_media":10884,"comment_status":"open","ping_status":"open","sticky":false,"template":"","format":"standard","meta":{"_jetpack_memberships_contains_paid_content":false,"footnotes":"","jetpack_publicize_message":"","jetpack_publicize_feature_enabled":true,"jetpack_social_post_already_shared":false,"jetpack_social_options":{"image_generator_settings":{"template":"highway","default_image_id":0,"enabled":false},"version":2}},"categories":[8,1,2,7,3],"tags":[5982],"class_list":["post-14761","post","type-post","status-publish","format-standard","has-post-thumbnail","hentry","category-deliberando","category-diario-armstrong","category-locales","category-politica","category-region","tag-fischer-solicite-al-ejecutivo-reductores-de-velocidad-en-una-zona-transitada-especialmente-por-ninos"],"jetpack_publicize_connections":[],"jetpack_featured_media_url":"https:\/\/armstrongyregion.com.ar\/diario\/wp-content\/uploads\/2016\/12\/DSC_0293.jpg","jetpack_shortlink":"https:\/\/wp.me\/p62QDO-3Q5","jetpack_sharing_enabled":true,"amp_enabled":true,"_links":{"self":[{"href":"https:\/\/armstrongyregion.com.ar\/diario\/wp-json\/wp\/v2\/posts\/14761","targetHints":{"allow":["GET"]}}],"collection":[{"href":"https:\/\/armstrongyregion.com.ar\/diario\/wp-json\/wp\/v2\/posts"}],"about":[{"href":"https:\/\/armstrongyregion.com.ar\/diario\/wp-json\/wp\/v2\/types\/post"}],"author":[{"embeddable":true,"href":"https:\/\/armstrongyregion.com.ar\/diario\/wp-json\/wp\/v2\/users\/1"}],"replies":[{"embeddable":true,"href":"https:\/\/armstrongyregion.com.ar\/diario\/wp-json\/wp\/v2\/comments?post=14761"}],"version-history":[{"count":0,"href":"https:\/\/armstrongyregion.com.ar\/diario\/wp-json\/wp\/v2\/posts\/14761\/revisions"}],"wp:featuredmedia":[{"embeddable":true,"href":"https:\/\/armstrongyregion.com.ar\/diario\/wp-json\/wp\/v2\/media\/10884"}],"wp:attachment":[{"href":"https:\/\/armstrongyregion.com.ar\/diario\/wp-json\/wp\/v2\/media?parent=14761"}],"wp:term":[{"taxonomy":"category","embeddable":true,"href":"https:\/\/armstrongyregion.com.ar\/diario\/wp-json\/wp\/v2\/categories?post=14761"},{"taxonomy":"post_tag","embeddable":true,"href":"https:\/\/armstrongyregion.com.ar\/diario\/wp-json\/wp\/v2\/tags?post=14761"}],"curies":[{"name":"wp","href":"https:\/\/api.w.org\/{rel}","templated":true}]}}