{"id":14755,"date":"2017-10-04T20:03:14","date_gmt":"2017-10-04T20:03:14","guid":{"rendered":"https:\/\/armstrongyregion.com.ar\/diario\/?p=14755"},"modified":"2017-10-04T20:03:14","modified_gmt":"2017-10-04T20:03:14","slug":"marozzi-el-ejecutivo-envio-dos-proyectos-y-pasaron-a-comision","status":"publish","type":"post","link":"https:\/\/armstrongyregion.com.ar\/diario\/marozzi-el-ejecutivo-envio-dos-proyectos-y-pasaron-a-comision\/","title":{"rendered":"Marozzi; \u201cEl ejecutivo envi\u00f3 dos proyectos y pasaron a comisi\u00f3n\u201d."},"content":{"rendered":"<p><a href=\"http:\/\/armstrongyregion.com.ar\/diario\/wp-content\/uploads\/2017\/05\/Marozzi-Armstrong-y-Region-.jpg\"><img loading=\"lazy\" decoding=\"async\" src=\"http:\/\/armstrongyregion.com.ar\/diario\/wp-content\/uploads\/2017\/05\/Marozzi-Armstrong-y-Region-.jpg\" alt=\"Marozzi-Armstrong-y-Region-\" width=\"920\" height=\"676\" class=\"alignnone size-full wp-image-12983\" srcset=\"https:\/\/armstrongyregion.com.ar\/diario\/wp-content\/uploads\/2017\/05\/Marozzi-Armstrong-y-Region-.jpg 920w, https:\/\/armstrongyregion.com.ar\/diario\/wp-content\/uploads\/2017\/05\/Marozzi-Armstrong-y-Region--300x220.jpg 300w\" sizes=\"auto, (max-width: 920px) 100vw, 920px\" \/><\/a>El Pte del Concejo Adri\u00e1n Marozzi, al t\u00e9rmino de la sesi\u00f3n, en dialogo con los medios dijo: \u201cEl ejecutivo ha enviado dos proyectos de ordenanza, uno que es para la adquisici\u00f3n de una ambulancia de terapia con equipamiento  y el otro proyecto de ordenanza es para volver a prestar ese fondo rotativo que hab\u00eda dado en su momento la provincia para una de las cooperativas que estaba construyendo cerca de la autopista\u201d.<br \/>\nLuego agreg\u00f3: \u201cDos proyectos de ordenanza donde uno de los concejales solicit\u00f3 que pasaran a comisi\u00f3n, para poder discutirlo,  el cual est\u00e1 en todo su derecho, de todas formas yo he pedido el tratamiento de preferencia para el pr\u00f3ximo martes  24 de octubre cuando se reanuden las sesiones,  porque creo que ser\u00eda conveniente para el municipio lograr comprar esta ambulancia a un costo  muy accesible\u201d.<br \/>\nCon respecto al proyecto del Fondo Rotatorio dijo: \u201cEste fondo de $1.300.000 ser\u00eda destinado a la cooperativa el\u00e9ctrica, no necesariamente para ella misma sino para invertirlo en el \u00e1rea industrial. Tampoco ser\u00eda beneficioso que este fondo, de ese monto este almacenado o guardado en las arcas municipales y pierda su valor. Sino que se siga prestando como su nombre lo indica para que sea rotativo, luego lo puedan devolver y a posteriori volver a prestar\u201d.<br \/>\nAdrian Marozzi, tambi\u00e9n remarc\u00f3 la importancia de la declaraci\u00f3n por la 26 Feria de Colectividades, dese\u00e1ndoles el  mejor de los \u00e9xitos y por supuesto la comunidad como siempre estar\u00e1 acompa\u00f1ando a esta fiesta organizada por la Escuela N\u00b0262 pero que los armstronenses la han tomado como propia\u201d<\/p>\n","protected":false},"excerpt":{"rendered":"<p>El Pte del Concejo Adri\u00e1n Marozzi, al t\u00e9rmino de la sesi\u00f3n, en dialogo con los medios dijo: \u201cEl ejecutivo ha enviado dos proyectos de ordenanza, uno que es para la adquisici\u00f3n de una ambulancia de terapia con equipamiento y el otro proyecto de ordenanza es para volver a prestar ese fondo rotativo que hab\u00eda dado <a href=\"https:\/\/armstrongyregion.com.ar\/diario\/marozzi-el-ejecutivo-envio-dos-proyectos-y-pasaron-a-comision\/\" title=\"Read more\" >&#8230;<\/a><\/p>\n","protected":false},"author":1,"featured_media":12983,"comment_status":"open","ping_status":"open","sticky":false,"template":"","format":"standard","meta":{"_jetpack_memberships_contains_paid_content":false,"footnotes":"","jetpack_publicize_message":"","jetpack_publicize_feature_enabled":true,"jetpack_social_post_already_shared":false,"jetpack_social_options":{"image_generator_settings":{"template":"highway","default_image_id":0,"enabled":false},"version":2}},"categories":[8,1,2,7,3],"tags":[20,5980,388,13],"class_list":["post-14755","post","type-post","status-publish","format-standard","has-post-thumbnail","hentry","category-deliberando","category-diario-armstrong","category-locales","category-politica","category-region","tag-armstrong","tag-marozzi-el-ejecutivo-envio-dos-proyectos-y-pasaron-a-comision","tag-region-2","tag-y"],"jetpack_publicize_connections":[],"jetpack_featured_media_url":"https:\/\/armstrongyregion.com.ar\/diario\/wp-content\/uploads\/2017\/05\/Marozzi-Armstrong-y-Region-.jpg","jetpack_shortlink":"https:\/\/wp.me\/p62QDO-3PZ","jetpack_sharing_enabled":true,"amp_enabled":true,"_links":{"self":[{"href":"https:\/\/armstrongyregion.com.ar\/diario\/wp-json\/wp\/v2\/posts\/14755","targetHints":{"allow":["GET"]}}],"collection":[{"href":"https:\/\/armstrongyregion.com.ar\/diario\/wp-json\/wp\/v2\/posts"}],"about":[{"href":"https:\/\/armstrongyregion.com.ar\/diario\/wp-json\/wp\/v2\/types\/post"}],"author":[{"embeddable":true,"href":"https:\/\/armstrongyregion.com.ar\/diario\/wp-json\/wp\/v2\/users\/1"}],"replies":[{"embeddable":true,"href":"https:\/\/armstrongyregion.com.ar\/diario\/wp-json\/wp\/v2\/comments?post=14755"}],"version-history":[{"count":0,"href":"https:\/\/armstrongyregion.com.ar\/diario\/wp-json\/wp\/v2\/posts\/14755\/revisions"}],"wp:featuredmedia":[{"embeddable":true,"href":"https:\/\/armstrongyregion.com.ar\/diario\/wp-json\/wp\/v2\/media\/12983"}],"wp:attachment":[{"href":"https:\/\/armstrongyregion.com.ar\/diario\/wp-json\/wp\/v2\/media?parent=14755"}],"wp:term":[{"taxonomy":"category","embeddable":true,"href":"https:\/\/armstrongyregion.com.ar\/diario\/wp-json\/wp\/v2\/categories?post=14755"},{"taxonomy":"post_tag","embeddable":true,"href":"https:\/\/armstrongyregion.com.ar\/diario\/wp-json\/wp\/v2\/tags?post=14755"}],"curies":[{"name":"wp","href":"https:\/\/api.w.org\/{rel}","templated":true}]}}