{"id":14750,"date":"2017-10-04T12:48:03","date_gmt":"2017-10-04T12:48:03","guid":{"rendered":"https:\/\/armstrongyregion.com.ar\/diario\/?p=14750"},"modified":"2017-10-04T12:48:03","modified_gmt":"2017-10-04T12:48:03","slug":"vientos-fuertes-desde-el-norte-y-cielo-cerrado","status":"publish","type":"post","link":"https:\/\/armstrongyregion.com.ar\/diario\/vientos-fuertes-desde-el-norte-y-cielo-cerrado\/","title":{"rendered":"Vientos fuertes desde el norte y cielo cerrado."},"content":{"rendered":"<p><a href=\"http:\/\/armstrongyregion.com.ar\/diario\/wp-content\/uploads\/2017\/06\/viento2-990x600.jpg\"><img loading=\"lazy\" decoding=\"async\" src=\"http:\/\/armstrongyregion.com.ar\/diario\/wp-content\/uploads\/2017\/06\/viento2-990x600.jpg\" alt=\"viento2-990x600\" width=\"990\" height=\"600\" class=\"alignnone size-full wp-image-13385\" srcset=\"https:\/\/armstrongyregion.com.ar\/diario\/wp-content\/uploads\/2017\/06\/viento2-990x600.jpg 990w, https:\/\/armstrongyregion.com.ar\/diario\/wp-content\/uploads\/2017\/06\/viento2-990x600-300x182.jpg 300w\" sizes=\"auto, (max-width: 990px) 100vw, 990px\" \/><\/a>Adem\u00e1s de las nubes y una temperatura de 18,3 grados, la ma\u00f1ana de mi\u00e9rcoles conviv\u00eda con un alerta por \u201cvientos fuertes con r\u00e1fagas\u201d del Servicio Meteorol\u00f3gico Nacional (SMN).<\/p>\n<p>El parte, que inclu\u00eda al sur y centro de Santa Fe, se\u00f1alaba la presencia de vientos del sector norte con velocidades de entre 30 y 60 kil\u00f3metros por hora con r\u00e1fagas de hasta 80.<\/p>\n<p>A las 7, en Armstrong, era de 33 kil\u00f3metros la intensidad y se esperaba que vaya disminuyendo hacia la noche. Ese escenario se completaba con una humedad del 54 por ciento. Y una m\u00e1xima esperada de 28 grados para la tarde.<\/p>\n<p>El jueves seguir\u00eda con cielo parcialmente nublado, una m\u00ednima de 18 grados y una m\u00e1xima de 24.<\/p>\n","protected":false},"excerpt":{"rendered":"<p>Adem\u00e1s de las nubes y una temperatura de 18,3 grados, la ma\u00f1ana de mi\u00e9rcoles conviv\u00eda con un alerta por \u201cvientos fuertes con r\u00e1fagas\u201d del Servicio Meteorol\u00f3gico Nacional (SMN). El parte, que inclu\u00eda al sur y centro de Santa Fe, se\u00f1alaba la presencia de vientos del sector norte con velocidades de entre 30 y 60 kil\u00f3metros <a href=\"https:\/\/armstrongyregion.com.ar\/diario\/vientos-fuertes-desde-el-norte-y-cielo-cerrado\/\" title=\"Read more\" >&#8230;<\/a><\/p>\n","protected":false},"author":1,"featured_media":13385,"comment_status":"open","ping_status":"open","sticky":false,"template":"","format":"standard","meta":{"_jetpack_memberships_contains_paid_content":false,"footnotes":"","jetpack_publicize_message":"","jetpack_publicize_feature_enabled":true,"jetpack_social_post_already_shared":false,"jetpack_social_options":{"image_generator_settings":{"template":"highway","default_image_id":0,"enabled":false},"version":2}},"categories":[1,2,7,3],"tags":[5978],"class_list":["post-14750","post","type-post","status-publish","format-standard","has-post-thumbnail","hentry","category-diario-armstrong","category-locales","category-politica","category-region","tag-vientos-fuertes-desde-el-norte-y-cielo-cerrado"],"jetpack_publicize_connections":[],"jetpack_featured_media_url":"https:\/\/armstrongyregion.com.ar\/diario\/wp-content\/uploads\/2017\/06\/viento2-990x600.jpg","jetpack_shortlink":"https:\/\/wp.me\/p62QDO-3PU","jetpack_sharing_enabled":true,"amp_enabled":true,"_links":{"self":[{"href":"https:\/\/armstrongyregion.com.ar\/diario\/wp-json\/wp\/v2\/posts\/14750","targetHints":{"allow":["GET"]}}],"collection":[{"href":"https:\/\/armstrongyregion.com.ar\/diario\/wp-json\/wp\/v2\/posts"}],"about":[{"href":"https:\/\/armstrongyregion.com.ar\/diario\/wp-json\/wp\/v2\/types\/post"}],"author":[{"embeddable":true,"href":"https:\/\/armstrongyregion.com.ar\/diario\/wp-json\/wp\/v2\/users\/1"}],"replies":[{"embeddable":true,"href":"https:\/\/armstrongyregion.com.ar\/diario\/wp-json\/wp\/v2\/comments?post=14750"}],"version-history":[{"count":0,"href":"https:\/\/armstrongyregion.com.ar\/diario\/wp-json\/wp\/v2\/posts\/14750\/revisions"}],"wp:featuredmedia":[{"embeddable":true,"href":"https:\/\/armstrongyregion.com.ar\/diario\/wp-json\/wp\/v2\/media\/13385"}],"wp:attachment":[{"href":"https:\/\/armstrongyregion.com.ar\/diario\/wp-json\/wp\/v2\/media?parent=14750"}],"wp:term":[{"taxonomy":"category","embeddable":true,"href":"https:\/\/armstrongyregion.com.ar\/diario\/wp-json\/wp\/v2\/categories?post=14750"},{"taxonomy":"post_tag","embeddable":true,"href":"https:\/\/armstrongyregion.com.ar\/diario\/wp-json\/wp\/v2\/tags?post=14750"}],"curies":[{"name":"wp","href":"https:\/\/api.w.org\/{rel}","templated":true}]}}