{"id":14714,"date":"2017-10-01T18:31:46","date_gmt":"2017-10-01T18:31:46","guid":{"rendered":"https:\/\/armstrongyregion.com.ar\/diario\/?p=14714"},"modified":"2017-10-01T18:31:46","modified_gmt":"2017-10-01T18:31:46","slug":"multitudinario-acto-de-campana-del-f-p-c-y-s-en-las-parejas","status":"publish","type":"post","link":"https:\/\/armstrongyregion.com.ar\/diario\/multitudinario-acto-de-campana-del-f-p-c-y-s-en-las-parejas\/","title":{"rendered":"Multitudinario acto de campa\u00f1a del F.P.C. y S en Las Parejas."},"content":{"rendered":"<p><a href=\"http:\/\/armstrongyregion.com.ar\/diario\/wp-content\/uploads\/2017\/10\/Sandra-Clerici-acto-.jpg\"><img loading=\"lazy\" decoding=\"async\" src=\"http:\/\/armstrongyregion.com.ar\/diario\/wp-content\/uploads\/2017\/10\/Sandra-Clerici-acto-.jpg\" alt=\"Sandra-Clerici-acto-\" width=\"960\" height=\"640\" class=\"alignnone size-full wp-image-14715\" srcset=\"https:\/\/armstrongyregion.com.ar\/diario\/wp-content\/uploads\/2017\/10\/Sandra-Clerici-acto-.jpg 960w, https:\/\/armstrongyregion.com.ar\/diario\/wp-content\/uploads\/2017\/10\/Sandra-Clerici-acto--300x200.jpg 300w\" sizes=\"auto, (max-width: 960px) 100vw, 960px\" \/><\/a>La noche del viernes 29 de septiembre, se realiz\u00f3 el tradicional acto de campa\u00f1a con la presencia de Luis Contigiani, Antonio Bonfatti, Miguel Sol\u00eds, Sandra Cl\u00e9rici, junto a referentes de los departamentos Belgrano, Iriondo,  San Jorge y los vecinos parejenses que se acercaron al gimnasio del Club Argentino a compartir el habitual arroz con pollo socialista, brindando su apoyo incondicional a los  candidatos que van a competir en las pr\u00f3ximas elecciones generales del 22 de octubre.<br \/>\nEn el discurso ante militantes y dirigentes, Luis Contigiani expres\u00f3: \u00abLos santafesinos tenemos que defender a nuestra provincia, y ofrecemos hacerlo a trav\u00e9s de esta alternativa que es la m\u00e1s concreta y que expresa la democracia social y el progresismo\u00bb.<br \/>\nEl actual titular de la cartera productiva provincial y aspirante a una diputaci\u00f3n nacional valor\u00f3 el modelo de gesti\u00f3n federal: \u00abNuestro frente se caracteriza por estar presente en toda la geograf\u00eda santafesina, puede dar testimonio de pol\u00edticas p\u00fablicas en cada pueblo, en cada localidad, en cada regi\u00f3n, en cada ciudad\u00bb.<br \/>\n\u00abLlevamos adelante una gesti\u00f3n comprometida que pocos gobiernos en el pa\u00eds pueden mostrar. Podr\u00e1n discutirse cosas a mejorar, pero nadie puede poner en duda que estamos construyendo un presente muy importante para la provincia\u00bb, cerr\u00f3.<\/p>\n","protected":false},"excerpt":{"rendered":"<p>La noche del viernes 29 de septiembre, se realiz\u00f3 el tradicional acto de campa\u00f1a con la presencia de Luis Contigiani, Antonio Bonfatti, Miguel Sol\u00eds, Sandra Cl\u00e9rici, junto a referentes de los departamentos Belgrano, Iriondo, San Jorge y los vecinos parejenses que se acercaron al gimnasio del Club Argentino a compartir el habitual arroz con pollo <a href=\"https:\/\/armstrongyregion.com.ar\/diario\/multitudinario-acto-de-campana-del-f-p-c-y-s-en-las-parejas\/\" title=\"Read more\" >&#8230;<\/a><\/p>\n","protected":false},"author":1,"featured_media":14715,"comment_status":"open","ping_status":"open","sticky":false,"template":"","format":"standard","meta":{"_jetpack_memberships_contains_paid_content":false,"footnotes":"","jetpack_publicize_message":"","jetpack_publicize_feature_enabled":true,"jetpack_social_post_already_shared":false,"jetpack_social_options":{"image_generator_settings":{"template":"highway","default_image_id":0,"enabled":false},"version":2}},"categories":[8,1,7,3],"tags":[20,5967,388,13],"class_list":["post-14714","post","type-post","status-publish","format-standard","has-post-thumbnail","hentry","category-deliberando","category-diario-armstrong","category-politica","category-region","tag-armstrong","tag-multitudinario-acto-de-campana-del-f-p-c-y-s-en-las-parejas","tag-region-2","tag-y"],"jetpack_publicize_connections":[],"jetpack_featured_media_url":"https:\/\/armstrongyregion.com.ar\/diario\/wp-content\/uploads\/2017\/10\/Sandra-Clerici-acto-.jpg","jetpack_shortlink":"https:\/\/wp.me\/p62QDO-3Pk","jetpack_sharing_enabled":true,"amp_enabled":true,"_links":{"self":[{"href":"https:\/\/armstrongyregion.com.ar\/diario\/wp-json\/wp\/v2\/posts\/14714","targetHints":{"allow":["GET"]}}],"collection":[{"href":"https:\/\/armstrongyregion.com.ar\/diario\/wp-json\/wp\/v2\/posts"}],"about":[{"href":"https:\/\/armstrongyregion.com.ar\/diario\/wp-json\/wp\/v2\/types\/post"}],"author":[{"embeddable":true,"href":"https:\/\/armstrongyregion.com.ar\/diario\/wp-json\/wp\/v2\/users\/1"}],"replies":[{"embeddable":true,"href":"https:\/\/armstrongyregion.com.ar\/diario\/wp-json\/wp\/v2\/comments?post=14714"}],"version-history":[{"count":0,"href":"https:\/\/armstrongyregion.com.ar\/diario\/wp-json\/wp\/v2\/posts\/14714\/revisions"}],"wp:featuredmedia":[{"embeddable":true,"href":"https:\/\/armstrongyregion.com.ar\/diario\/wp-json\/wp\/v2\/media\/14715"}],"wp:attachment":[{"href":"https:\/\/armstrongyregion.com.ar\/diario\/wp-json\/wp\/v2\/media?parent=14714"}],"wp:term":[{"taxonomy":"category","embeddable":true,"href":"https:\/\/armstrongyregion.com.ar\/diario\/wp-json\/wp\/v2\/categories?post=14714"},{"taxonomy":"post_tag","embeddable":true,"href":"https:\/\/armstrongyregion.com.ar\/diario\/wp-json\/wp\/v2\/tags?post=14714"}],"curies":[{"name":"wp","href":"https:\/\/api.w.org\/{rel}","templated":true}]}}