{"id":14711,"date":"2017-09-30T16:19:50","date_gmt":"2017-09-30T16:19:50","guid":{"rendered":"https:\/\/armstrongyregion.com.ar\/diario\/?p=14711"},"modified":"2017-09-30T16:19:50","modified_gmt":"2017-09-30T16:19:50","slug":"conmocion-en-los-cardos-detuvieron-al-presidente-comunal-y-a-su-hijo","status":"publish","type":"post","link":"https:\/\/armstrongyregion.com.ar\/diario\/conmocion-en-los-cardos-detuvieron-al-presidente-comunal-y-a-su-hijo\/","title":{"rendered":"Conmoci\u00f3n en Los Cardos: detuvieron al presidente comunal y a su hijo."},"content":{"rendered":"<p><a href=\"http:\/\/armstrongyregion.com.ar\/diario\/wp-content\/uploads\/2017\/09\/los_cardos.jpg_1305449671.jpg\"><img loading=\"lazy\" decoding=\"async\" src=\"http:\/\/armstrongyregion.com.ar\/diario\/wp-content\/uploads\/2017\/09\/los_cardos.jpg_1305449671.jpg\" alt=\"los_cardos.jpg_1305449671\" width=\"847\" height=\"476\" class=\"alignnone size-full wp-image-14712\" srcset=\"https:\/\/armstrongyregion.com.ar\/diario\/wp-content\/uploads\/2017\/09\/los_cardos.jpg_1305449671.jpg 847w, https:\/\/armstrongyregion.com.ar\/diario\/wp-content\/uploads\/2017\/09\/los_cardos.jpg_1305449671-300x169.jpg 300w\" sizes=\"auto, (max-width: 847px) 100vw, 847px\" \/><\/a>Por presunta administraci\u00f3n fraudulenta, la Polic\u00eda de Investigaciones de la provincia allan\u00f3 la Comuna y la vivienda de la autoridad m\u00e1xima del pueblo, Carlos Alberto Coppari, quien reaccion\u00f3 de forma violenta y termin\u00f3 demorado.<br \/>\nUn importante revuelo gener\u00f3 este viernes el movimiento policial en la localidad de Los Cardos, situada en el departamento San Mart\u00edn, a 145 kil\u00f3metros de Rosario.<br \/>\nEn un d\u00eda m\u00e1s calmo que lo habitual, ya que la comunidad celebra la fiesta de su Santo Patrono, el despliegue de varios m\u00f3viles con identificaci\u00f3n de la Polic\u00eda de Investigaciones (PDI) en el edificio comunal, caus\u00f3 gran sorpresa y curiosidad de los vecinos.<\/p>\n<p>Seg\u00fan inform\u00f3 el diario El Tr\u00e9bol Digital, la PDI allan\u00f3 primero la Comuna de Los Cardos y luego la casa del presidente comunal, Carlos Alberto Coppari, situada a pocos metros del edificio municipal.<\/p>\n<p>La periodista Ivana Fux (Radio 2) detall\u00f3 que por orden de la fiscal Mart\u00ed, durante las primeras horas de la tarde de este viernes, los polic\u00edas iniciaron el allanamiento, en el marco de una causa en la que se investiga la presunta administraci\u00f3n fraudulenta, en perjuicio del fisco, a trav\u00e9s de la comuna que administra Coppari. Esto desat\u00f3 la ira del jefe comunal que arremeti\u00f3 a los golpes contra los agentes.<\/p>\n<p>La reacci\u00f3n del funcionario motiv\u00f3 la apertura de una nueva causa y la intervenci\u00f3n del fiscal Sopegni, quien orden\u00f3 la detenci\u00f3n tanto de Coppari como de su hijo.<\/p>\n<p>Fuente: Rosario3.Com <\/p>\n","protected":false},"excerpt":{"rendered":"<p>Por presunta administraci\u00f3n fraudulenta, la Polic\u00eda de Investigaciones de la provincia allan\u00f3 la Comuna y la vivienda de la autoridad m\u00e1xima del pueblo, Carlos Alberto Coppari, quien reaccion\u00f3 de forma violenta y termin\u00f3 demorado. Un importante revuelo gener\u00f3 este viernes el movimiento policial en la localidad de Los Cardos, situada en el departamento San Mart\u00edn, <a href=\"https:\/\/armstrongyregion.com.ar\/diario\/conmocion-en-los-cardos-detuvieron-al-presidente-comunal-y-a-su-hijo\/\" title=\"Read more\" >&#8230;<\/a><\/p>\n","protected":false},"author":1,"featured_media":14712,"comment_status":"open","ping_status":"open","sticky":false,"template":"","format":"standard","meta":{"_jetpack_memberships_contains_paid_content":false,"footnotes":"","jetpack_publicize_message":"","jetpack_publicize_feature_enabled":true,"jetpack_social_post_already_shared":false,"jetpack_social_options":{"image_generator_settings":{"template":"highway","default_image_id":0,"enabled":false},"version":2}},"categories":[1,7,3],"tags":[5966],"class_list":["post-14711","post","type-post","status-publish","format-standard","has-post-thumbnail","hentry","category-diario-armstrong","category-politica","category-region","tag-conmocion-en-los-cardos-detuvieron-al-presidente-comunal-y-a-su-hijo"],"jetpack_publicize_connections":[],"jetpack_featured_media_url":"https:\/\/armstrongyregion.com.ar\/diario\/wp-content\/uploads\/2017\/09\/los_cardos.jpg_1305449671.jpg","jetpack_shortlink":"https:\/\/wp.me\/p62QDO-3Ph","jetpack_sharing_enabled":true,"amp_enabled":true,"_links":{"self":[{"href":"https:\/\/armstrongyregion.com.ar\/diario\/wp-json\/wp\/v2\/posts\/14711","targetHints":{"allow":["GET"]}}],"collection":[{"href":"https:\/\/armstrongyregion.com.ar\/diario\/wp-json\/wp\/v2\/posts"}],"about":[{"href":"https:\/\/armstrongyregion.com.ar\/diario\/wp-json\/wp\/v2\/types\/post"}],"author":[{"embeddable":true,"href":"https:\/\/armstrongyregion.com.ar\/diario\/wp-json\/wp\/v2\/users\/1"}],"replies":[{"embeddable":true,"href":"https:\/\/armstrongyregion.com.ar\/diario\/wp-json\/wp\/v2\/comments?post=14711"}],"version-history":[{"count":0,"href":"https:\/\/armstrongyregion.com.ar\/diario\/wp-json\/wp\/v2\/posts\/14711\/revisions"}],"wp:featuredmedia":[{"embeddable":true,"href":"https:\/\/armstrongyregion.com.ar\/diario\/wp-json\/wp\/v2\/media\/14712"}],"wp:attachment":[{"href":"https:\/\/armstrongyregion.com.ar\/diario\/wp-json\/wp\/v2\/media?parent=14711"}],"wp:term":[{"taxonomy":"category","embeddable":true,"href":"https:\/\/armstrongyregion.com.ar\/diario\/wp-json\/wp\/v2\/categories?post=14711"},{"taxonomy":"post_tag","embeddable":true,"href":"https:\/\/armstrongyregion.com.ar\/diario\/wp-json\/wp\/v2\/tags?post=14711"}],"curies":[{"name":"wp","href":"https:\/\/api.w.org\/{rel}","templated":true}]}}