{"id":1471,"date":"2015-03-29T22:10:55","date_gmt":"2015-03-29T22:10:55","guid":{"rendered":"https:\/\/armstrongyregion.com.ar\/diario\/?p=1471"},"modified":"2015-03-29T22:10:55","modified_gmt":"2015-03-29T22:10:55","slug":"la-asociacion-de-entidades-empresarias-del-sur-santafesino-recibio-al-gdor-de-cordoba-jose-manuel-de-la-sota","status":"publish","type":"post","link":"https:\/\/armstrongyregion.com.ar\/diario\/la-asociacion-de-entidades-empresarias-del-sur-santafesino-recibio-al-gdor-de-cordoba-jose-manuel-de-la-sota\/","title":{"rendered":"La asociaci\u00f3n de entidades empresarias del Sur Santafesino recibi\u00f3 al Gdor. de C\u00f3rdoba Jos\u00e9 Manuel de la Sota."},"content":{"rendered":"<p><a href=\"http:\/\/armstrongyregion.com.ar\/diario\/wp-content\/uploads\/2015\/03\/sota.jpg\"><img loading=\"lazy\" decoding=\"async\" class=\"alignnone size-medium wp-image-1472\" src=\"http:\/\/armstrongyregion.com.ar\/diario\/wp-content\/uploads\/2015\/03\/sota-300x224.jpg\" alt=\"De la Sota\" width=\"300\" height=\"224\" srcset=\"https:\/\/armstrongyregion.com.ar\/diario\/wp-content\/uploads\/2015\/03\/sota-300x224.jpg 300w, https:\/\/armstrongyregion.com.ar\/diario\/wp-content\/uploads\/2015\/03\/sota.jpg 667w\" sizes=\"auto, (max-width: 300px) 100vw, 300px\" \/><\/a>El Gobernador de la provincia de C\u00f3rdoba y candidato presidencial Jos\u00e9 Manuel de la Sota se reuni\u00f3 con los empresarios de la Asociaci\u00f3n de Entidades Empresarias del Sur Santafesino (ADEESSA) en Ca\u00f1ada de G\u00f3mez.<br \/>\nLos empresarios le manifestaron sus preocupaciones y el trabajo que vienen realizando respecto a tem\u00e1ticas como la presi\u00f3n tributaria creciente, venta ilegal y la inseguridad con la que se vive en las distintas localidades.<br \/>\nDe la Sota di\u00f3 a conocer sus propuestas. \u00abLos discursos populistas no resuelven nada. Lo que resuelve es un plan de largo plazo basado en la inteligencia, la educaci\u00f3n y la prevenci\u00f3n\u00bb, dijo.<br \/>\nEl mandatario hizo especial hincapi\u00e9 en la inseguridad y el narcotr\u00e1fico como temas a atacar. \u00abLo primero que debemos tener claro, es que la inseguridad creciente que vive Argentina es consecuencia directa del avance del narcotr\u00e1fico y que ese avance s\u00f3lo ha sido posible gracias a la connivencia de algunos sectores del poder pol\u00edtico. No podemos ser ingenuos en ese sentido. Por tanto, atacar la corrupci\u00f3n es atacar la inseguridad\u00bb, observ\u00f3.<br \/>\n\u00abLo que se hizo en la \u00faltima d\u00e9cada fue una ficci\u00f3n de seguridad. Se crearon nuevas polic\u00edas para vender la idea de que se est\u00e1 atacando el problema, pero las nuevas fuerzas creadas han venido a contribuir para empeorar la situaci\u00f3n. Se han convertido en nidos de corrupci\u00f3n\u00bb, asegur\u00f3.<br \/>\nDe la Sota indic\u00f3 que no hay f\u00f3rmulas m\u00e1gicas para enfrentar el flagelo, pero s\u00ed \u00abmedidas concretas\u00bb capaces de generar impacto. \u00abPondremos en marcha un gran programa de educaci\u00f3n e inserci\u00f3n social, especialmente relacionado con la protecci\u00f3n y recuperaci\u00f3n de los ni\u00f1os y j\u00f3venes reclutados por los narcos. Esto nos permitir\u00e1 reducir, desde el corto plazo, la marginalidad y recortarle as\u00ed a los diversos brazos armados del crimen organizado el territorio y los recursos humanos\u00bb, prometi\u00f3. Y a\u00f1adi\u00f3 que recuperar\u00e1 \u00ablas \u00e1reas que hoy est\u00e1n siendo tomadas por los narcos\u00bb.<\/p>\n","protected":false},"excerpt":{"rendered":"<p>El Gobernador de la provincia de C\u00f3rdoba y candidato presidencial Jos\u00e9 Manuel de la Sota se reuni\u00f3 con los empresarios de la Asociaci\u00f3n de Entidades Empresarias del Sur Santafesino (ADEESSA) en Ca\u00f1ada de G\u00f3mez. Los empresarios le manifestaron sus preocupaciones y el trabajo que vienen realizando respecto a tem\u00e1ticas como la presi\u00f3n tributaria creciente, venta <a href=\"https:\/\/armstrongyregion.com.ar\/diario\/la-asociacion-de-entidades-empresarias-del-sur-santafesino-recibio-al-gdor-de-cordoba-jose-manuel-de-la-sota\/\" title=\"Read more\" >&#8230;<\/a><\/p>\n","protected":false},"author":2,"featured_media":1472,"comment_status":"open","ping_status":"open","sticky":false,"template":"","format":"standard","meta":{"_jetpack_memberships_contains_paid_content":false,"footnotes":"","jetpack_publicize_message":"","jetpack_publicize_feature_enabled":true,"jetpack_social_post_already_shared":false,"jetpack_social_options":{"image_generator_settings":{"template":"highway","default_image_id":0,"enabled":false},"version":2}},"categories":[1,7,3],"tags":[179,1280,152,19,53,1281,935,1283,772,31,1284,496,1282,1285,954],"class_list":["post-1471","post","type-post","status-publish","format-standard","has-post-thumbnail","hentry","category-diario-armstrong","category-politica","category-region","tag-al","tag-asociacion","tag-cordoba","tag-de","tag-del","tag-empresarias","tag-entidades","tag-gdor","tag-jose","tag-la","tag-manuel","tag-recibio","tag-santafesino","tag-sota","tag-sur"],"jetpack_publicize_connections":[],"jetpack_featured_media_url":"https:\/\/armstrongyregion.com.ar\/diario\/wp-content\/uploads\/2015\/03\/sota.jpg","jetpack_shortlink":"https:\/\/wp.me\/p62QDO-nJ","jetpack_sharing_enabled":true,"amp_enabled":true,"_links":{"self":[{"href":"https:\/\/armstrongyregion.com.ar\/diario\/wp-json\/wp\/v2\/posts\/1471","targetHints":{"allow":["GET"]}}],"collection":[{"href":"https:\/\/armstrongyregion.com.ar\/diario\/wp-json\/wp\/v2\/posts"}],"about":[{"href":"https:\/\/armstrongyregion.com.ar\/diario\/wp-json\/wp\/v2\/types\/post"}],"author":[{"embeddable":true,"href":"https:\/\/armstrongyregion.com.ar\/diario\/wp-json\/wp\/v2\/users\/2"}],"replies":[{"embeddable":true,"href":"https:\/\/armstrongyregion.com.ar\/diario\/wp-json\/wp\/v2\/comments?post=1471"}],"version-history":[{"count":0,"href":"https:\/\/armstrongyregion.com.ar\/diario\/wp-json\/wp\/v2\/posts\/1471\/revisions"}],"wp:featuredmedia":[{"embeddable":true,"href":"https:\/\/armstrongyregion.com.ar\/diario\/wp-json\/wp\/v2\/media\/1472"}],"wp:attachment":[{"href":"https:\/\/armstrongyregion.com.ar\/diario\/wp-json\/wp\/v2\/media?parent=1471"}],"wp:term":[{"taxonomy":"category","embeddable":true,"href":"https:\/\/armstrongyregion.com.ar\/diario\/wp-json\/wp\/v2\/categories?post=1471"},{"taxonomy":"post_tag","embeddable":true,"href":"https:\/\/armstrongyregion.com.ar\/diario\/wp-json\/wp\/v2\/tags?post=1471"}],"curies":[{"name":"wp","href":"https:\/\/api.w.org\/{rel}","templated":true}]}}