{"id":14680,"date":"2017-09-28T11:10:04","date_gmt":"2017-09-28T11:10:04","guid":{"rendered":"https:\/\/armstrongyregion.com.ar\/diario\/?p=14680"},"modified":"2017-09-28T11:10:04","modified_gmt":"2017-09-28T11:10:04","slug":"bombero-de-armstrong-en-jornadas-de-capacitacion-en-roma","status":"publish","type":"post","link":"https:\/\/armstrongyregion.com.ar\/diario\/bombero-de-armstrong-en-jornadas-de-capacitacion-en-roma\/","title":{"rendered":"Bombero de Armstrong en Jornadas de Capacitaci\u00f3n en Roma."},"content":{"rendered":"<p><a href=\"http:\/\/armstrongyregion.com.ar\/diario\/wp-content\/uploads\/2017\/09\/Sergio-Sosa-Bombero-.jpg\"><img loading=\"lazy\" decoding=\"async\" src=\"http:\/\/armstrongyregion.com.ar\/diario\/wp-content\/uploads\/2017\/09\/Sergio-Sosa-Bombero-.jpg\" alt=\"Sergio-Sosa-Bombero-\" width=\"739\" height=\"600\" class=\"alignnone size-full wp-image-14681\" srcset=\"https:\/\/armstrongyregion.com.ar\/diario\/wp-content\/uploads\/2017\/09\/Sergio-Sosa-Bombero-.jpg 739w, https:\/\/armstrongyregion.com.ar\/diario\/wp-content\/uploads\/2017\/09\/Sergio-Sosa-Bombero--300x244.jpg 300w\" sizes=\"auto, (max-width: 739px) 100vw, 739px\" \/><\/a>Sergio Sosa, integrante del Cuerpo Activo de Bomberos Voluntarios de nuestra ciudad, cont\u00f3 su experiencia vivida, del 2 al 10 de septiembre en una Academia de Bomberos de la Capital Italiana: \u201cTrabajamos en distintos tipos de incendio, en t\u00faneles, l\u00edneas de subtes, veh\u00edculos, fue una experiencia muy buena\u201d.<br \/>\n<a href=\"http:\/\/armstrongyregion.com.ar\/diario\/wp-content\/uploads\/2017\/09\/Sosa-Bombero-Capacitaci\u00f3n-.jpg\"><img loading=\"lazy\" decoding=\"async\" src=\"http:\/\/armstrongyregion.com.ar\/diario\/wp-content\/uploads\/2017\/09\/Sosa-Bombero-Capacitaci\u00f3n-.jpg\" alt=\"Sosa-Bombero-Capacitaci\u00f3n-\" width=\"768\" height=\"501\" class=\"alignnone size-full wp-image-14682\" srcset=\"https:\/\/armstrongyregion.com.ar\/diario\/wp-content\/uploads\/2017\/09\/Sosa-Bombero-Capacitaci\u00f3n-.jpg 768w, https:\/\/armstrongyregion.com.ar\/diario\/wp-content\/uploads\/2017\/09\/Sosa-Bombero-Capacitaci\u00f3n--300x196.jpg 300w\" sizes=\"auto, (max-width: 768px) 100vw, 768px\" \/><\/a>El Bombero remarc\u00f3: \u201cNo estamos tan lejos en cuento a T\u00e9cnica, al contrario, creo que Argentina, est\u00e1 muy bien posicionada en cuanto a \u00e9ste tipo de Capacitaci\u00f3n\u201d.<\/p>\n","protected":false},"excerpt":{"rendered":"<p>Sergio Sosa, integrante del Cuerpo Activo de Bomberos Voluntarios de nuestra ciudad, cont\u00f3 su experiencia vivida, del 2 al 10 de septiembre en una Academia de Bomberos de la Capital Italiana: \u201cTrabajamos en distintos tipos de incendio, en t\u00faneles, l\u00edneas de subtes, veh\u00edculos, fue una experiencia muy buena\u201d. El Bombero remarc\u00f3: \u201cNo estamos tan lejos <a href=\"https:\/\/armstrongyregion.com.ar\/diario\/bombero-de-armstrong-en-jornadas-de-capacitacion-en-roma\/\" title=\"Read more\" >&#8230;<\/a><\/p>\n","protected":false},"author":1,"featured_media":14681,"comment_status":"open","ping_status":"open","sticky":false,"template":"","format":"standard","meta":{"_jetpack_memberships_contains_paid_content":false,"footnotes":"","jetpack_publicize_message":"","jetpack_publicize_feature_enabled":true,"jetpack_social_post_already_shared":false,"jetpack_social_options":{"image_generator_settings":{"template":"highway","default_image_id":0,"enabled":false},"version":2}},"categories":[6,1,2,3],"tags":[5958],"class_list":["post-14680","post","type-post","status-publish","format-standard","has-post-thumbnail","hentry","category-cultura-entretenimiento","category-diario-armstrong","category-locales","category-region","tag-bombero-de-armstrong-en-jornadas-de-capacitacion-en-roma"],"jetpack_publicize_connections":[],"jetpack_featured_media_url":"https:\/\/armstrongyregion.com.ar\/diario\/wp-content\/uploads\/2017\/09\/Sergio-Sosa-Bombero-.jpg","jetpack_shortlink":"https:\/\/wp.me\/p62QDO-3OM","jetpack_sharing_enabled":true,"amp_enabled":true,"_links":{"self":[{"href":"https:\/\/armstrongyregion.com.ar\/diario\/wp-json\/wp\/v2\/posts\/14680","targetHints":{"allow":["GET"]}}],"collection":[{"href":"https:\/\/armstrongyregion.com.ar\/diario\/wp-json\/wp\/v2\/posts"}],"about":[{"href":"https:\/\/armstrongyregion.com.ar\/diario\/wp-json\/wp\/v2\/types\/post"}],"author":[{"embeddable":true,"href":"https:\/\/armstrongyregion.com.ar\/diario\/wp-json\/wp\/v2\/users\/1"}],"replies":[{"embeddable":true,"href":"https:\/\/armstrongyregion.com.ar\/diario\/wp-json\/wp\/v2\/comments?post=14680"}],"version-history":[{"count":0,"href":"https:\/\/armstrongyregion.com.ar\/diario\/wp-json\/wp\/v2\/posts\/14680\/revisions"}],"wp:featuredmedia":[{"embeddable":true,"href":"https:\/\/armstrongyregion.com.ar\/diario\/wp-json\/wp\/v2\/media\/14681"}],"wp:attachment":[{"href":"https:\/\/armstrongyregion.com.ar\/diario\/wp-json\/wp\/v2\/media?parent=14680"}],"wp:term":[{"taxonomy":"category","embeddable":true,"href":"https:\/\/armstrongyregion.com.ar\/diario\/wp-json\/wp\/v2\/categories?post=14680"},{"taxonomy":"post_tag","embeddable":true,"href":"https:\/\/armstrongyregion.com.ar\/diario\/wp-json\/wp\/v2\/tags?post=14680"}],"curies":[{"name":"wp","href":"https:\/\/api.w.org\/{rel}","templated":true}]}}