{"id":14678,"date":"2017-09-28T10:42:39","date_gmt":"2017-09-28T10:42:39","guid":{"rendered":"https:\/\/armstrongyregion.com.ar\/diario\/?p=14678"},"modified":"2017-09-28T10:42:39","modified_gmt":"2017-09-28T10:42:39","slug":"armstrong-proxima-apertura-del-buzon-de-la-vida-2","status":"publish","type":"post","link":"https:\/\/armstrongyregion.com.ar\/diario\/armstrong-proxima-apertura-del-buzon-de-la-vida-2\/","title":{"rendered":"Armstrong. Pr\u00f3xima apertura del Buz\u00f3n de la Vida."},"content":{"rendered":"<p><a href=\"http:\/\/armstrongyregion.com.ar\/diario\/wp-content\/uploads\/2016\/06\/Buzon-vida-.jpg\"><img loading=\"lazy\" decoding=\"async\" src=\"http:\/\/armstrongyregion.com.ar\/diario\/wp-content\/uploads\/2016\/06\/Buzon-vida-.jpg\" alt=\"Buzon-vida-\" width=\"960\" height=\"540\" class=\"alignnone size-full wp-image-8114\" srcset=\"https:\/\/armstrongyregion.com.ar\/diario\/wp-content\/uploads\/2016\/06\/Buzon-vida-.jpg 960w, https:\/\/armstrongyregion.com.ar\/diario\/wp-content\/uploads\/2016\/06\/Buzon-vida--300x169.jpg 300w\" sizes=\"auto, (max-width: 960px) 100vw, 960px\" \/><\/a>La Municipalidad de Armstrong recuerda a toda la ciudadan\u00eda que el pr\u00f3ximo mi\u00e9rcoles 4 de octubre se realizar\u00e1 la apertura mensual de los Buzones de la Vida: 9,30 hs. en Club Norte y a las 10 hs. en el municipio.<\/p>\n<p>Se invita a los interesados a depositar su denuncia an\u00f3nima as\u00ed como a asistir a estos actos.<\/p>\n","protected":false},"excerpt":{"rendered":"<p>La Municipalidad de Armstrong recuerda a toda la ciudadan\u00eda que el pr\u00f3ximo mi\u00e9rcoles 4 de octubre se realizar\u00e1 la apertura mensual de los Buzones de la Vida: 9,30 hs. en Club Norte y a las 10 hs. en el municipio. Se invita a los interesados a depositar su denuncia an\u00f3nima as\u00ed como a asistir a <a href=\"https:\/\/armstrongyregion.com.ar\/diario\/armstrong-proxima-apertura-del-buzon-de-la-vida-2\/\" title=\"Read more\" >&#8230;<\/a><\/p>\n","protected":false},"author":1,"featured_media":13991,"comment_status":"open","ping_status":"open","sticky":false,"template":"","format":"standard","meta":{"_jetpack_memberships_contains_paid_content":false,"footnotes":"","jetpack_publicize_message":"","jetpack_publicize_feature_enabled":true,"jetpack_social_post_already_shared":false,"jetpack_social_options":{"image_generator_settings":{"template":"highway","default_image_id":0,"enabled":false},"version":2}},"categories":[1,2,7,4],"tags":[5723],"class_list":["post-14678","post","type-post","status-publish","format-standard","has-post-thumbnail","hentry","category-diario-armstrong","category-locales","category-politica","category-prevencion-salud","tag-armstrong-proxima-apertura-del-buzon-de-la-vida"],"jetpack_publicize_connections":[],"jetpack_featured_media_url":"https:\/\/armstrongyregion.com.ar\/diario\/wp-content\/uploads\/2017\/08\/Buzones-Agosto.jpg","jetpack_shortlink":"https:\/\/wp.me\/p62QDO-3OK","jetpack_sharing_enabled":true,"amp_enabled":true,"_links":{"self":[{"href":"https:\/\/armstrongyregion.com.ar\/diario\/wp-json\/wp\/v2\/posts\/14678","targetHints":{"allow":["GET"]}}],"collection":[{"href":"https:\/\/armstrongyregion.com.ar\/diario\/wp-json\/wp\/v2\/posts"}],"about":[{"href":"https:\/\/armstrongyregion.com.ar\/diario\/wp-json\/wp\/v2\/types\/post"}],"author":[{"embeddable":true,"href":"https:\/\/armstrongyregion.com.ar\/diario\/wp-json\/wp\/v2\/users\/1"}],"replies":[{"embeddable":true,"href":"https:\/\/armstrongyregion.com.ar\/diario\/wp-json\/wp\/v2\/comments?post=14678"}],"version-history":[{"count":0,"href":"https:\/\/armstrongyregion.com.ar\/diario\/wp-json\/wp\/v2\/posts\/14678\/revisions"}],"wp:featuredmedia":[{"embeddable":true,"href":"https:\/\/armstrongyregion.com.ar\/diario\/wp-json\/wp\/v2\/media\/13991"}],"wp:attachment":[{"href":"https:\/\/armstrongyregion.com.ar\/diario\/wp-json\/wp\/v2\/media?parent=14678"}],"wp:term":[{"taxonomy":"category","embeddable":true,"href":"https:\/\/armstrongyregion.com.ar\/diario\/wp-json\/wp\/v2\/categories?post=14678"},{"taxonomy":"post_tag","embeddable":true,"href":"https:\/\/armstrongyregion.com.ar\/diario\/wp-json\/wp\/v2\/tags?post=14678"}],"curies":[{"name":"wp","href":"https:\/\/api.w.org\/{rel}","templated":true}]}}