{"id":14676,"date":"2017-09-28T10:27:18","date_gmt":"2017-09-28T10:27:18","guid":{"rendered":"https:\/\/armstrongyregion.com.ar\/diario\/?p=14676"},"modified":"2017-09-28T10:27:18","modified_gmt":"2017-09-28T10:27:18","slug":"musicos-de-armstrong-viajan-a-salta","status":"publish","type":"post","link":"https:\/\/armstrongyregion.com.ar\/diario\/musicos-de-armstrong-viajan-a-salta\/","title":{"rendered":"M\u00fasicos de Armstrong viajan a Salta."},"content":{"rendered":"<p><a href=\"http:\/\/armstrongyregion.com.ar\/diario\/wp-content\/uploads\/2017\/04\/CONSERVATORIO-2017.jpg\"><img loading=\"lazy\" decoding=\"async\" src=\"http:\/\/armstrongyregion.com.ar\/diario\/wp-content\/uploads\/2017\/04\/CONSERVATORIO-2017.jpg\" alt=\"CONSERVATORIO 2017\" width=\"768\" height=\"543\" class=\"alignnone size-full wp-image-12364\" srcset=\"https:\/\/armstrongyregion.com.ar\/diario\/wp-content\/uploads\/2017\/04\/CONSERVATORIO-2017.jpg 768w, https:\/\/armstrongyregion.com.ar\/diario\/wp-content\/uploads\/2017\/04\/CONSERVATORIO-2017-300x212.jpg 300w\" sizes=\"auto, (max-width: 768px) 100vw, 768px\" \/><\/a>Dentro de las actividades programadas dentro del Conservatorio Municipal de M\u00fasica \u201cEnzo Vacchino\u201d para este a\u00f1o 2017, se concretar\u00e1 un intercambio cultural-musical que vivir\u00e1n los integrantes de la Banda y el Coro Infanto Juvenil.<\/p>\n<p> Se trata de un viaje que realizar\u00e1n a la ciudad de Salta donde ser\u00e1n recibidos por los integrantes del Hogar Escuela de aquel lugar, con una orquesta infanto juvenil de 123 elementos. Esto se da en el marco de otro proyecto en el que se viene trabajando como es el Iguaz\u00fa Concierto, evento muy importante del pa\u00eds en el cual se tienen que ir cumpliendo pautas de trabajo. Entre ellas, aparece la posibilidad de realizar intercambios.<\/p>\n<p> El encuentro no es un festival sino un concierto donde los ni\u00f1os de Armstrong junto a los ni\u00f1os de Salta, a trav\u00e9s de sus directores de elencos estables que dirigen repertorio, comparten atril y es all\u00ed donde aparece la riqueza del proyecto. No s\u00f3lo es aprender idiosincrasia, formas de abordar la obra sino que es trabajar humanamente con el m\u00fasico.<\/p>\n<p> Los 28 m\u00fasicos locales, totalmente becados, partir\u00e1n desde Armstrong el viernes 29 de septiembre a las 13 hs., arribando a Salta a la ma\u00f1ana del d\u00eda 30 y all\u00ed comienzan las actividades conjuntas, compartiendo las jornadas del s\u00e1bado y domingo, regresando a nuestra ciudad el lunes 2 de octubre en horas del mediod\u00eda. <\/p>\n<p> Este viaje se concreta gracias al esfuerzo del municipio local y de los padres a trav\u00e9s de las comisiones Pro- Banda y Pro-Coro.  <\/p>\n","protected":false},"excerpt":{"rendered":"<p>Dentro de las actividades programadas dentro del Conservatorio Municipal de M\u00fasica \u201cEnzo Vacchino\u201d para este a\u00f1o 2017, se concretar\u00e1 un intercambio cultural-musical que vivir\u00e1n los integrantes de la Banda y el Coro Infanto Juvenil. Se trata de un viaje que realizar\u00e1n a la ciudad de Salta donde ser\u00e1n recibidos por los integrantes del Hogar Escuela <a href=\"https:\/\/armstrongyregion.com.ar\/diario\/musicos-de-armstrong-viajan-a-salta\/\" title=\"Read more\" >&#8230;<\/a><\/p>\n","protected":false},"author":1,"featured_media":12364,"comment_status":"open","ping_status":"open","sticky":false,"template":"","format":"standard","meta":{"_jetpack_memberships_contains_paid_content":false,"footnotes":"","jetpack_publicize_message":"","jetpack_publicize_feature_enabled":true,"jetpack_social_post_already_shared":false,"jetpack_social_options":{"image_generator_settings":{"template":"highway","default_image_id":0,"enabled":false},"version":2}},"categories":[6,1,2],"tags":[5957],"class_list":["post-14676","post","type-post","status-publish","format-standard","has-post-thumbnail","hentry","category-cultura-entretenimiento","category-diario-armstrong","category-locales","tag-musicos-de-armstrong-viajan-a-salta"],"jetpack_publicize_connections":[],"jetpack_featured_media_url":"https:\/\/armstrongyregion.com.ar\/diario\/wp-content\/uploads\/2017\/04\/CONSERVATORIO-2017.jpg","jetpack_shortlink":"https:\/\/wp.me\/p62QDO-3OI","jetpack_sharing_enabled":true,"amp_enabled":true,"_links":{"self":[{"href":"https:\/\/armstrongyregion.com.ar\/diario\/wp-json\/wp\/v2\/posts\/14676","targetHints":{"allow":["GET"]}}],"collection":[{"href":"https:\/\/armstrongyregion.com.ar\/diario\/wp-json\/wp\/v2\/posts"}],"about":[{"href":"https:\/\/armstrongyregion.com.ar\/diario\/wp-json\/wp\/v2\/types\/post"}],"author":[{"embeddable":true,"href":"https:\/\/armstrongyregion.com.ar\/diario\/wp-json\/wp\/v2\/users\/1"}],"replies":[{"embeddable":true,"href":"https:\/\/armstrongyregion.com.ar\/diario\/wp-json\/wp\/v2\/comments?post=14676"}],"version-history":[{"count":0,"href":"https:\/\/armstrongyregion.com.ar\/diario\/wp-json\/wp\/v2\/posts\/14676\/revisions"}],"wp:featuredmedia":[{"embeddable":true,"href":"https:\/\/armstrongyregion.com.ar\/diario\/wp-json\/wp\/v2\/media\/12364"}],"wp:attachment":[{"href":"https:\/\/armstrongyregion.com.ar\/diario\/wp-json\/wp\/v2\/media?parent=14676"}],"wp:term":[{"taxonomy":"category","embeddable":true,"href":"https:\/\/armstrongyregion.com.ar\/diario\/wp-json\/wp\/v2\/categories?post=14676"},{"taxonomy":"post_tag","embeddable":true,"href":"https:\/\/armstrongyregion.com.ar\/diario\/wp-json\/wp\/v2\/tags?post=14676"}],"curies":[{"name":"wp","href":"https:\/\/api.w.org\/{rel}","templated":true}]}}