{"id":14653,"date":"2017-09-26T11:48:54","date_gmt":"2017-09-26T11:48:54","guid":{"rendered":"https:\/\/armstrongyregion.com.ar\/diario\/?p=14653"},"modified":"2017-09-26T11:48:54","modified_gmt":"2017-09-26T11:48:54","slug":"doble-alerta-para-la-region-tormentas-fuertes-y-abundantes-lluvias","status":"publish","type":"post","link":"https:\/\/armstrongyregion.com.ar\/diario\/doble-alerta-para-la-region-tormentas-fuertes-y-abundantes-lluvias\/","title":{"rendered":"Doble alerta para la regi\u00f3n: tormentas fuertes y abundantes lluvias."},"content":{"rendered":"<p><a href=\"http:\/\/armstrongyregion.com.ar\/diario\/wp-content\/uploads\/2017\/02\/Alerta-.jpg\"><img loading=\"lazy\" decoding=\"async\" src=\"http:\/\/armstrongyregion.com.ar\/diario\/wp-content\/uploads\/2017\/02\/Alerta-.jpg\" alt=\"Alerta-\" width=\"960\" height=\"635\" class=\"alignnone size-full wp-image-11853\" srcset=\"https:\/\/armstrongyregion.com.ar\/diario\/wp-content\/uploads\/2017\/02\/Alerta-.jpg 960w, https:\/\/armstrongyregion.com.ar\/diario\/wp-content\/uploads\/2017\/02\/Alerta--300x198.jpg 300w\" sizes=\"auto, (max-width: 960px) 100vw, 960px\" \/><\/a>El Servicio Meteorol\u00f3gico Nacional lanz\u00f3 dos advertencias para Armstrong y todo el centro y sur de la provincia. Se esperan intensas precipitaciones en las pr\u00f3ximas horas.<br \/>\nA falta de uno, el Servicio Meteorol\u00f3gico Nacional (SMN) lanz\u00f3 dos alertas para Armstrong este martes por la ma\u00f1ana: uno por tormentas fuertes y otro por abundantes precipitaciones. Las lluvias comenzar\u00edan a desarrollarse por la tarde y el mal tiempo se quedar\u00eda por varios d\u00edas en la regi\u00f3n.<br \/>\nEn la primera de sus advertencias, el SMN establece que se prev\u00e9 que el centro y sur de la provincia de Santa Fe sea afectada entre la madrugada y la noche de hoy por precipitaciones en forma de lluvias y tormentas.<\/p>\n<p>Los valores de precipitaciones acumuladas durante este per\u00edodo se estiman entre 40 y 60 mil\u00edmetros, pudiendo se superados en forma localizada.<\/p>\n<p>El segundo alerta indica que la regi\u00f3n podr\u00eda ser afectada entre la tarde y la noche de hoy por tormentas, algunas localmente fuertes, que pueden provocar abundante ca\u00edda de agua en cortos per\u00edodos, fuerte actividad el\u00e9ctrica, r\u00e1fagas y ocasional ca\u00edda de granizo.<\/p>\n<p>El cielo estaba algo nublado este martes por la ma\u00f1ana. La temperatura era de 17.3 grados y la humedad del 88 por ciento. La m\u00e1xima estimada es de 24 grados.<br \/>\nImagen: Mario Duzevic.<\/p>\n","protected":false},"excerpt":{"rendered":"<p>El Servicio Meteorol\u00f3gico Nacional lanz\u00f3 dos advertencias para Armstrong y todo el centro y sur de la provincia. Se esperan intensas precipitaciones en las pr\u00f3ximas horas. A falta de uno, el Servicio Meteorol\u00f3gico Nacional (SMN) lanz\u00f3 dos alertas para Armstrong este martes por la ma\u00f1ana: uno por tormentas fuertes y otro por abundantes precipitaciones. Las <a href=\"https:\/\/armstrongyregion.com.ar\/diario\/doble-alerta-para-la-region-tormentas-fuertes-y-abundantes-lluvias\/\" title=\"Read more\" >&#8230;<\/a><\/p>\n","protected":false},"author":1,"featured_media":12439,"comment_status":"open","ping_status":"open","sticky":false,"template":"","format":"standard","meta":{"_jetpack_memberships_contains_paid_content":false,"footnotes":"","jetpack_publicize_message":"","jetpack_publicize_feature_enabled":true,"jetpack_social_post_already_shared":false,"jetpack_social_options":{"image_generator_settings":{"template":"highway","default_image_id":0,"enabled":false},"version":2}},"categories":[1,2,3],"tags":[5951],"class_list":["post-14653","post","type-post","status-publish","format-standard","has-post-thumbnail","hentry","category-diario-armstrong","category-locales","category-region","tag-doble-alerta-para-la-region-tormentas-fuertes-y-abundantes-lluvias"],"jetpack_publicize_connections":[],"jetpack_featured_media_url":"https:\/\/armstrongyregion.com.ar\/diario\/wp-content\/uploads\/2017\/04\/Alerta-.jpg","jetpack_shortlink":"https:\/\/wp.me\/p62QDO-3Ol","jetpack_sharing_enabled":true,"amp_enabled":true,"_links":{"self":[{"href":"https:\/\/armstrongyregion.com.ar\/diario\/wp-json\/wp\/v2\/posts\/14653","targetHints":{"allow":["GET"]}}],"collection":[{"href":"https:\/\/armstrongyregion.com.ar\/diario\/wp-json\/wp\/v2\/posts"}],"about":[{"href":"https:\/\/armstrongyregion.com.ar\/diario\/wp-json\/wp\/v2\/types\/post"}],"author":[{"embeddable":true,"href":"https:\/\/armstrongyregion.com.ar\/diario\/wp-json\/wp\/v2\/users\/1"}],"replies":[{"embeddable":true,"href":"https:\/\/armstrongyregion.com.ar\/diario\/wp-json\/wp\/v2\/comments?post=14653"}],"version-history":[{"count":0,"href":"https:\/\/armstrongyregion.com.ar\/diario\/wp-json\/wp\/v2\/posts\/14653\/revisions"}],"wp:featuredmedia":[{"embeddable":true,"href":"https:\/\/armstrongyregion.com.ar\/diario\/wp-json\/wp\/v2\/media\/12439"}],"wp:attachment":[{"href":"https:\/\/armstrongyregion.com.ar\/diario\/wp-json\/wp\/v2\/media?parent=14653"}],"wp:term":[{"taxonomy":"category","embeddable":true,"href":"https:\/\/armstrongyregion.com.ar\/diario\/wp-json\/wp\/v2\/categories?post=14653"},{"taxonomy":"post_tag","embeddable":true,"href":"https:\/\/armstrongyregion.com.ar\/diario\/wp-json\/wp\/v2\/tags?post=14653"}],"curies":[{"name":"wp","href":"https:\/\/api.w.org\/{rel}","templated":true}]}}