{"id":14642,"date":"2017-09-25T22:28:19","date_gmt":"2017-09-25T22:28:19","guid":{"rendered":"https:\/\/armstrongyregion.com.ar\/diario\/?p=14642"},"modified":"2017-09-25T22:28:19","modified_gmt":"2017-09-25T22:28:19","slug":"canada-de-gomez-se-sospecha-que-son-menores-los-agresores-de-tripo","status":"publish","type":"post","link":"https:\/\/armstrongyregion.com.ar\/diario\/canada-de-gomez-se-sospecha-que-son-menores-los-agresores-de-tripo\/","title":{"rendered":"Ca\u00f1ada de G\u00f3mez. Se sospecha que son menores los agresores de TRIPO."},"content":{"rendered":"<p><a href=\"http:\/\/armstrongyregion.com.ar\/diario\/wp-content\/uploads\/2017\/09\/TRipo-.jpg\"><img loading=\"lazy\" decoding=\"async\" src=\"http:\/\/armstrongyregion.com.ar\/diario\/wp-content\/uploads\/2017\/09\/TRipo-.jpg\" alt=\"TRipo-\" width=\"768\" height=\"432\" class=\"alignnone size-full wp-image-14643\" srcset=\"https:\/\/armstrongyregion.com.ar\/diario\/wp-content\/uploads\/2017\/09\/TRipo-.jpg 768w, https:\/\/armstrongyregion.com.ar\/diario\/wp-content\/uploads\/2017\/09\/TRipo--300x169.jpg 300w\" sizes=\"auto, (max-width: 768px) 100vw, 768px\" \/><\/a>Las sospechas de la agresi\u00f3n a la perra Tripo recae sobre menores de edad.<\/p>\n<p>Tripo, la perra vejada, literalmente empalada, que dispar\u00f3 la movilizaci\u00f3n de una parte importante de la sociedad ca\u00f1adense, se sospecha que fue atacada por menores de edad.<\/p>\n<p>A ra\u00edz de esto la causa ya no est\u00e1 en manos de la Fiscal\u00eda con asiento en Ca\u00f1ada de G\u00f3mez y fue remitida al al Justicia de Menores.<\/p>\n<p>La perra que estaba a cargo del vecino Carlos Verdichio, y que hab\u00eda sido atacada ferozmente a principios del mes de agosto, debi\u00f3 ser sacrificada un par de d\u00edas m\u00e1s tarde luego de ingentes intentos por salvarla.<\/p>\n<p>Durante aquellos d\u00edas, hubo sucesivas marchas encabezadas por Verdichio, acompa\u00f1ado por diferentes organizaciones proteccionistas y la ciudadan\u00eda en general. Hubo reclamos en Jefetura y Fiscal\u00eda.<\/p>\n<p>A pesar de que no se saben mayores detalles sobre el avance de la causa, s\u00ed se puede afirmar por fuentes oficiales que los principales sospechosos son personas menores de edad.<br \/>\nFuente: Ca\u00f1adaVision.com<\/p>\n","protected":false},"excerpt":{"rendered":"<p>Las sospechas de la agresi\u00f3n a la perra Tripo recae sobre menores de edad. Tripo, la perra vejada, literalmente empalada, que dispar\u00f3 la movilizaci\u00f3n de una parte importante de la sociedad ca\u00f1adense, se sospecha que fue atacada por menores de edad. A ra\u00edz de esto la causa ya no est\u00e1 en manos de la Fiscal\u00eda <a href=\"https:\/\/armstrongyregion.com.ar\/diario\/canada-de-gomez-se-sospecha-que-son-menores-los-agresores-de-tripo\/\" title=\"Read more\" >&#8230;<\/a><\/p>\n","protected":false},"author":1,"featured_media":14643,"comment_status":"open","ping_status":"open","sticky":false,"template":"","format":"standard","meta":{"_jetpack_memberships_contains_paid_content":false,"footnotes":"","jetpack_publicize_message":"","jetpack_publicize_feature_enabled":true,"jetpack_social_post_already_shared":false,"jetpack_social_options":{"image_generator_settings":{"template":"highway","default_image_id":0,"enabled":false},"version":2}},"categories":[1,2852,3],"tags":[5948],"class_list":["post-14642","post","type-post","status-publish","format-standard","has-post-thumbnail","hentry","category-diario-armstrong","category-policiales","category-region","tag-canada-de-gomez-se-sospecha-que-son-menores-los-agresores-de-tripo"],"jetpack_publicize_connections":[],"jetpack_featured_media_url":"https:\/\/armstrongyregion.com.ar\/diario\/wp-content\/uploads\/2017\/09\/TRipo-.jpg","jetpack_shortlink":"https:\/\/wp.me\/p62QDO-3Oa","jetpack_sharing_enabled":true,"amp_enabled":true,"_links":{"self":[{"href":"https:\/\/armstrongyregion.com.ar\/diario\/wp-json\/wp\/v2\/posts\/14642","targetHints":{"allow":["GET"]}}],"collection":[{"href":"https:\/\/armstrongyregion.com.ar\/diario\/wp-json\/wp\/v2\/posts"}],"about":[{"href":"https:\/\/armstrongyregion.com.ar\/diario\/wp-json\/wp\/v2\/types\/post"}],"author":[{"embeddable":true,"href":"https:\/\/armstrongyregion.com.ar\/diario\/wp-json\/wp\/v2\/users\/1"}],"replies":[{"embeddable":true,"href":"https:\/\/armstrongyregion.com.ar\/diario\/wp-json\/wp\/v2\/comments?post=14642"}],"version-history":[{"count":0,"href":"https:\/\/armstrongyregion.com.ar\/diario\/wp-json\/wp\/v2\/posts\/14642\/revisions"}],"wp:featuredmedia":[{"embeddable":true,"href":"https:\/\/armstrongyregion.com.ar\/diario\/wp-json\/wp\/v2\/media\/14643"}],"wp:attachment":[{"href":"https:\/\/armstrongyregion.com.ar\/diario\/wp-json\/wp\/v2\/media?parent=14642"}],"wp:term":[{"taxonomy":"category","embeddable":true,"href":"https:\/\/armstrongyregion.com.ar\/diario\/wp-json\/wp\/v2\/categories?post=14642"},{"taxonomy":"post_tag","embeddable":true,"href":"https:\/\/armstrongyregion.com.ar\/diario\/wp-json\/wp\/v2\/tags?post=14642"}],"curies":[{"name":"wp","href":"https:\/\/api.w.org\/{rel}","templated":true}]}}