{"id":14637,"date":"2017-09-25T10:56:39","date_gmt":"2017-09-25T10:56:39","guid":{"rendered":"https:\/\/armstrongyregion.com.ar\/diario\/?p=14637"},"modified":"2017-09-25T10:56:39","modified_gmt":"2017-09-25T10:56:39","slug":"medicina-estetica-en-primavera-por-dra-rocio-vidal","status":"publish","type":"post","link":"https:\/\/armstrongyregion.com.ar\/diario\/medicina-estetica-en-primavera-por-dra-rocio-vidal\/","title":{"rendered":"Medicina est\u00e9tica en primavera. Por Dra. Roc\u00edo Vidal."},"content":{"rendered":"<p><a href=\"http:\/\/armstrongyregion.com.ar\/diario\/wp-content\/uploads\/2017\/09\/DSC_0784.jpg\"><img loading=\"lazy\" decoding=\"async\" src=\"http:\/\/armstrongyregion.com.ar\/diario\/wp-content\/uploads\/2017\/09\/DSC_0784-1024x683.jpg\" alt=\"Dra. Roc\u00edo Vidal-\" width=\"800\" height=\"534\" class=\"alignnone size-large wp-image-14638\" srcset=\"https:\/\/armstrongyregion.com.ar\/diario\/wp-content\/uploads\/2017\/09\/DSC_0784-1024x683.jpg 1024w, https:\/\/armstrongyregion.com.ar\/diario\/wp-content\/uploads\/2017\/09\/DSC_0784-300x200.jpg 300w\" sizes=\"auto, (max-width: 800px) 100vw, 800px\" \/><\/a>Los tratamientos m\u00e1s demandados en esta estaci\u00f3n son los corporales, especialmente los relacionados con la operaci\u00f3n bikini:<br \/>\nCelulitis y flacidez<br \/>\nTratamiento de arrugas y otros retoques faciales<br \/>\n1. Tratamientos para la celulitis y la flacidez.<br \/>\nAunque nuestros m\u00e9dicos recomiendan tratarla durante todo el a\u00f1o para mantener los resultados, lo cierto es que las consultas sobre la celulitis son un cl\u00e1sico en la antesala del verano.<br \/>\nEl car\u00e1cter cr\u00f3nico de la celulitis parece deberse a su componente hormonal. Por este motivo, nuestros especialistas aconsejan aplicar un tratamiento de choque y continuar a lo largo del tiempo con otro de mantenimiento, con el fin de conservar los resultados.<br \/>\nPara optimizar al m\u00e1ximo los resultados, en  el consultorio de est\u00e9tica personalizamos los protocolos, de forma que, por lo general, solemos aplicar un tratamiento de choque de la celulitis y de sus principales problemas asociados, como suele ser la flacidez.<br \/>\n\u201cMi experiencia ha demostrado que los mejores resultados en el tratamiento de la celulitis y la flacidez se obtienen combinando diferentes t\u00e9cnicas espec\u00edficas para cada tipo de problema est\u00e9tico. Por ejemplo, una de las combinaciones de la celulitis fibrosa o dura, el tipo de celulitis m\u00e1s rebelde, puede consistir en la aplicaci\u00f3n de ondas de choque  y mesoterapia. Para la flacidez de grado leve o moderado pueden ser interesantes las sinergias de los hilos tensores y la posterior aplicaci\u00f3n de radiofrecuencia (entre 3 y 4 meses despu\u00e9s de implantar los hilos).<\/p>\n<p>3. Tratamientos de arrugas y retoques faciales.<\/p>\n<p>Novias, madrinas e invitadas son las principales demandantes de los tratamientos faciales en primavera, aunque cada vez hay m\u00e1s hombres que desean proyectar una mejor imagen facial.<br \/>\nEl tratamiento de arrugas de expresi\u00f3n m\u00e1s solicitado es la toxina botul\u00ednica. Tambi\u00e9n se realiza el plasma rico en plaquetas, con excelentes resultados que suavizan las arrugas sin restar expresividad al rostro.<br \/>\nOtros retoques faciales muy comunes en esta \u00e9poca son los rellenos faciales y la mesoterapia facial, para reponer vol\u00famenes perdidos y revitalizar la piel, respectivamente.<\/p>\n<p>De entre los rellenos faciales destacan el \u00e1cido hialur\u00f3nico y la policaprolactona, que pueden aplicarse para redensificar la piel y proyectar \u00e1reas como los p\u00f3mulos, as\u00ed como suavizar arrugas est\u00e1ticas como el surco nasogeniano.<\/p>\n<p>En cuanto al rejuvenecimiento labial, hoy existen t\u00e9cnicas muy depuradas para obtener resultados muy naturales en el rejuvenecimiento y definici\u00f3n de los labios, diferenciando entre la proyecci\u00f3n de volumen, el perfilado o la correcci\u00f3n de otros problemas asociados, como las arrugas peribucales o c\u00f3digo de barras, el labio invertido o el filtrum alargado.<br \/>\nFuente Programa Televisivo: \u201cPrevenci\u00f3n y Salud\u201d.<br \/>\nDra. Roc\u00edo Vidal. Medicina Estetica.<br \/>\nPrograma Tv. Prevenci\u00f3n y Salud. Lunes 25 de Septiembre 13,30hs.<br \/>\nReiteraci\u00f3n: Jueves 20hs y s\u00e1bado 12,00hs.<\/p>\n","protected":false},"excerpt":{"rendered":"<p>Los tratamientos m\u00e1s demandados en esta estaci\u00f3n son los corporales, especialmente los relacionados con la operaci\u00f3n bikini: Celulitis y flacidez Tratamiento de arrugas y otros retoques faciales 1. Tratamientos para la celulitis y la flacidez. Aunque nuestros m\u00e9dicos recomiendan tratarla durante todo el a\u00f1o para mantener los resultados, lo cierto es que las consultas sobre <a href=\"https:\/\/armstrongyregion.com.ar\/diario\/medicina-estetica-en-primavera-por-dra-rocio-vidal\/\" title=\"Read more\" >&#8230;<\/a><\/p>\n","protected":false},"author":1,"featured_media":14638,"comment_status":"open","ping_status":"open","sticky":false,"template":"","format":"standard","meta":{"_jetpack_memberships_contains_paid_content":false,"footnotes":"","jetpack_publicize_message":"","jetpack_publicize_feature_enabled":true,"jetpack_social_post_already_shared":false,"jetpack_social_options":{"image_generator_settings":{"template":"highway","default_image_id":0,"enabled":false},"version":2}},"categories":[1,2,4,3],"tags":[5946],"class_list":["post-14637","post","type-post","status-publish","format-standard","has-post-thumbnail","hentry","category-diario-armstrong","category-locales","category-prevencion-salud","category-region","tag-medicina-estetica-en-primavera-por-dra-rocio-vidal"],"jetpack_publicize_connections":[],"jetpack_featured_media_url":"https:\/\/armstrongyregion.com.ar\/diario\/wp-content\/uploads\/2017\/09\/DSC_0784.jpg","jetpack_shortlink":"https:\/\/wp.me\/p62QDO-3O5","jetpack_sharing_enabled":true,"amp_enabled":true,"_links":{"self":[{"href":"https:\/\/armstrongyregion.com.ar\/diario\/wp-json\/wp\/v2\/posts\/14637","targetHints":{"allow":["GET"]}}],"collection":[{"href":"https:\/\/armstrongyregion.com.ar\/diario\/wp-json\/wp\/v2\/posts"}],"about":[{"href":"https:\/\/armstrongyregion.com.ar\/diario\/wp-json\/wp\/v2\/types\/post"}],"author":[{"embeddable":true,"href":"https:\/\/armstrongyregion.com.ar\/diario\/wp-json\/wp\/v2\/users\/1"}],"replies":[{"embeddable":true,"href":"https:\/\/armstrongyregion.com.ar\/diario\/wp-json\/wp\/v2\/comments?post=14637"}],"version-history":[{"count":0,"href":"https:\/\/armstrongyregion.com.ar\/diario\/wp-json\/wp\/v2\/posts\/14637\/revisions"}],"wp:featuredmedia":[{"embeddable":true,"href":"https:\/\/armstrongyregion.com.ar\/diario\/wp-json\/wp\/v2\/media\/14638"}],"wp:attachment":[{"href":"https:\/\/armstrongyregion.com.ar\/diario\/wp-json\/wp\/v2\/media?parent=14637"}],"wp:term":[{"taxonomy":"category","embeddable":true,"href":"https:\/\/armstrongyregion.com.ar\/diario\/wp-json\/wp\/v2\/categories?post=14637"},{"taxonomy":"post_tag","embeddable":true,"href":"https:\/\/armstrongyregion.com.ar\/diario\/wp-json\/wp\/v2\/tags?post=14637"}],"curies":[{"name":"wp","href":"https:\/\/api.w.org\/{rel}","templated":true}]}}