{"id":14632,"date":"2017-09-25T00:07:56","date_gmt":"2017-09-25T00:07:56","guid":{"rendered":"https:\/\/armstrongyregion.com.ar\/diario\/?p=14632"},"modified":"2017-09-25T00:12:57","modified_gmt":"2017-09-25T00:12:57","slug":"24-de-septiembre-dia-de-nuestra-patrona-sra-de-la-merced","status":"publish","type":"post","link":"https:\/\/armstrongyregion.com.ar\/diario\/24-de-septiembre-dia-de-nuestra-patrona-sra-de-la-merced\/","title":{"rendered":"24 de Septiembre D\u00eda de Nuestra Patrona, Sra de la Merced."},"content":{"rendered":"<p><a href=\"http:\/\/armstrongyregion.com.ar\/diario\/wp-content\/uploads\/2017\/09\/Sra-de-la-Merced-.jpg\"><img loading=\"lazy\" decoding=\"async\" src=\"http:\/\/armstrongyregion.com.ar\/diario\/wp-content\/uploads\/2017\/09\/Sra-de-la-Merced-.jpg\" alt=\"Sra-de la Merced-\" width=\"763\" height=\"600\" class=\"alignnone size-full wp-image-14633\" srcset=\"https:\/\/armstrongyregion.com.ar\/diario\/wp-content\/uploads\/2017\/09\/Sra-de-la-Merced-.jpg 763w, https:\/\/armstrongyregion.com.ar\/diario\/wp-content\/uploads\/2017\/09\/Sra-de-la-Merced--300x236.jpg 300w\" sizes=\"auto, (max-width: 763px) 100vw, 763px\" \/><\/a>Hoy 24 de Septiembre es el D\u00eda de Nuestra Santa Patrona, Nuestra Sra. De la Merced, por tal motivo en la ma\u00f1ana de hoy se realiz\u00f3 la misa a las 10 am, celebrada por Alex Martinez, hijo de nuestra ciudad, luego se concret\u00f3 una procesi\u00f3n con la imagen de la Virgen pidiendo que bendiga a nuestro pueblo.<br \/>\nLa peregrinaci\u00f3n se vivi\u00f3 con emoci\u00f3n, fe y esperanza en el microcentro armstronense donde los presentes caminaron,  algunos llevando sus pedidos, otros sus agradecimientos, y no faltaron esas personas que simplemente llevan en sus corazones sus testimonios de fe.<\/p>\n","protected":false},"excerpt":{"rendered":"<p>Hoy 24 de Septiembre es el D\u00eda de Nuestra Santa Patrona, Nuestra Sra. De la Merced, por tal motivo en la ma\u00f1ana de hoy se realiz\u00f3 la misa a las 10 am, celebrada por Alex Martinez, hijo de nuestra ciudad, luego se concret\u00f3 una procesi\u00f3n con la imagen de la Virgen pidiendo que bendiga a <a href=\"https:\/\/armstrongyregion.com.ar\/diario\/24-de-septiembre-dia-de-nuestra-patrona-sra-de-la-merced\/\" title=\"Read more\" >&#8230;<\/a><\/p>\n","protected":false},"author":1,"featured_media":14633,"comment_status":"open","ping_status":"open","sticky":false,"template":"","format":"standard","meta":{"_jetpack_memberships_contains_paid_content":false,"footnotes":"","jetpack_publicize_message":"","jetpack_publicize_feature_enabled":true,"jetpack_social_post_already_shared":false,"jetpack_social_options":{"image_generator_settings":{"template":"highway","default_image_id":0,"enabled":false},"version":2}},"categories":[8,1,2,3],"tags":[5944,5945],"class_list":["post-14632","post","type-post","status-publish","format-standard","has-post-thumbnail","hentry","category-deliberando","category-diario-armstrong","category-locales","category-region","tag-24-de-septiembre-dia-de-nuestra-patrona","tag-sra-de-la-merced"],"jetpack_publicize_connections":[],"jetpack_featured_media_url":"https:\/\/armstrongyregion.com.ar\/diario\/wp-content\/uploads\/2017\/09\/Sra-de-la-Merced-.jpg","jetpack_shortlink":"https:\/\/wp.me\/p62QDO-3O0","jetpack_sharing_enabled":true,"amp_enabled":true,"_links":{"self":[{"href":"https:\/\/armstrongyregion.com.ar\/diario\/wp-json\/wp\/v2\/posts\/14632","targetHints":{"allow":["GET"]}}],"collection":[{"href":"https:\/\/armstrongyregion.com.ar\/diario\/wp-json\/wp\/v2\/posts"}],"about":[{"href":"https:\/\/armstrongyregion.com.ar\/diario\/wp-json\/wp\/v2\/types\/post"}],"author":[{"embeddable":true,"href":"https:\/\/armstrongyregion.com.ar\/diario\/wp-json\/wp\/v2\/users\/1"}],"replies":[{"embeddable":true,"href":"https:\/\/armstrongyregion.com.ar\/diario\/wp-json\/wp\/v2\/comments?post=14632"}],"version-history":[{"count":0,"href":"https:\/\/armstrongyregion.com.ar\/diario\/wp-json\/wp\/v2\/posts\/14632\/revisions"}],"wp:featuredmedia":[{"embeddable":true,"href":"https:\/\/armstrongyregion.com.ar\/diario\/wp-json\/wp\/v2\/media\/14633"}],"wp:attachment":[{"href":"https:\/\/armstrongyregion.com.ar\/diario\/wp-json\/wp\/v2\/media?parent=14632"}],"wp:term":[{"taxonomy":"category","embeddable":true,"href":"https:\/\/armstrongyregion.com.ar\/diario\/wp-json\/wp\/v2\/categories?post=14632"},{"taxonomy":"post_tag","embeddable":true,"href":"https:\/\/armstrongyregion.com.ar\/diario\/wp-json\/wp\/v2\/tags?post=14632"}],"curies":[{"name":"wp","href":"https:\/\/api.w.org\/{rel}","templated":true}]}}