{"id":14603,"date":"2017-09-22T23:09:11","date_gmt":"2017-09-22T23:09:11","guid":{"rendered":"https:\/\/armstrongyregion.com.ar\/diario\/?p=14603"},"modified":"2017-09-22T23:09:11","modified_gmt":"2017-09-22T23:09:11","slug":"la-orquesta-sinfonica-provincial-de-rosario-inicia-su-segunda-gira-del-ano","status":"publish","type":"post","link":"https:\/\/armstrongyregion.com.ar\/diario\/la-orquesta-sinfonica-provincial-de-rosario-inicia-su-segunda-gira-del-ano\/","title":{"rendered":"La Orquesta Sinf\u00f3nica Provincial de Rosario inicia su segunda gira del a\u00f1o."},"content":{"rendered":"<p>\t<a href=\"http:\/\/armstrongyregion.com.ar\/diario\/wp-content\/uploads\/2017\/09\/Sinf\u00f3nica-de-Rosario-1.jpg\"><img loading=\"lazy\" decoding=\"async\" src=\"http:\/\/armstrongyregion.com.ar\/diario\/wp-content\/uploads\/2017\/09\/Sinf\u00f3nica-de-Rosario-1-1024x683.jpg\" alt=\"Sinf\u00f3nica-de-Rosario-1\" width=\"800\" height=\"534\" class=\"alignnone size-large wp-image-14375\" srcset=\"https:\/\/armstrongyregion.com.ar\/diario\/wp-content\/uploads\/2017\/09\/Sinf\u00f3nica-de-Rosario-1-1024x683.jpg 1024w, https:\/\/armstrongyregion.com.ar\/diario\/wp-content\/uploads\/2017\/09\/Sinf\u00f3nica-de-Rosario-1-300x200.jpg 300w\" sizes=\"auto, (max-width: 800px) 100vw, 800px\" \/><\/a>Ser\u00e1 este fin de semana, m\u00e1s de 90 m\u00fasicos en escena visitar\u00e1n San Lorenzo, Armstrong y Correa.<br \/>\nLa Orquesta Sinf\u00f3nica Provincial de Rosario, dependiente del Ministerio de Innovaci\u00f3n y Cultura, realizar\u00e1 desde este viernes y hasta el domingo una gira art\u00edstica por localidades de la provincia que la llevar\u00e1n a encontrarse con el p\u00fablico de San Lorenzo, Armstrong y Correa. En todas las funciones la entrada ser\u00e1 libre y gratuita.<\/p>\n<p>La gira es organizada por las direcciones provinciales de Organismos Musicales y de Programaci\u00f3n Territorial de la secretar\u00eda General de Programaciones, en el marco del programa cultural \u00abQuerer, Creer, Crear Culturas en movimiento\u00bb, que pone en valor las expresiones art\u00edsticas y culturales de la provincia.<\/p>\n<p>Bajo la direcci\u00f3n del maestro David Del Pino Klinge, el repertorio del concierto transitar\u00e1 los siguientes compositores: F. Menselssohn: Obertura Ruy Blas; N. Rimsky-Korsakov: Scheherezade, P. De Rogatis: Huemac y P.; I. Tchaikowsk?i: Capricho Italiano.<\/p>\n<p>ITINERARIO DE FUNCIONES<br \/>\nSan Lorenzo recibir\u00e1 al organismo musical este viernes. A las ?16 horas brindar\u00e1 un concierto did\u00e1ctico para las escuelas de la localidad y a las 20:30 tendr\u00e1 lugar el Concierto Sinf\u00f3nico en el Centro Cultural y Educativo Brigadier Estanislao L\u00f3pez (Entre R\u00edos 510).<\/p>\n<p>En el marco del programa cultural \u00abQuerer, Creer, Crear Culturas en movimiento\u00bb, Armstrong recibir\u00e1 a la orquesta sinf\u00f3nica este s\u00e1bado a las 21 horas en el Galp\u00f3n del Ferrocarril (Sanguineti 1500).<\/p>\n<p>Finalmente, este domingo ser\u00e1 el turno de Correa, en el Tenis Club Correa (Pedro Politeo y Molina) a las 19 horas.<\/p>\n<p>RENOVAR EL ENCUENTRO<br \/>\nCon m\u00e1s de 90 m\u00fasicos en escena, el objetivo de la gira es celebrar el encuentro con el p\u00fablico y revivir el entusiasmo y la emoci\u00f3n con que cada localidad vivencia la m\u00fasica.<\/p>\n<p>Bajo esta premisa, el Ministerio de Innovaci\u00f3n y Cultura de la provincia de Santa Fe viene desarrollando a lo largo del a\u00f1o lo que fue la primera gira musical que hizo arribar a la orquesta a Mar\u00eda Juana, San Mart\u00edn de las Escobas y Sastre, y ahora la acerca a San Lorenzo, Armstrong y Correa; en 2014 fueron Carcara\u00f1\u00e1, Venado Tuerto y Villa Gobernador G\u00e1lvez; en 2015, Firmat, Cha\u00f1ar Ladeado y Villa Ca\u00f1\u00e1s; en 2016 Piamonte, Frontera, San Jorge, Elortondo, Teodelina y Maggiolo recibieron oportunamente a la Sinf\u00f3nica de Rosario en un ida y vuelta pleno de emoci\u00f3n tanto para los vecinos de la localidad, como para los m\u00fasicos que tuvieron la posibilidad de la cercan\u00eda con su audiencia.<\/p>\n<p>De esta valiosa experiencia surge el anhelo de renovar, una vez m\u00e1s, el encuentro con la gente y el recuerdo imborrable de ese m\u00e1gico instante en el que un breve silencio anuncia que la funci\u00f3n est\u00e1 por comenzar.<\/p>\n","protected":false},"excerpt":{"rendered":"<p>Ser\u00e1 este fin de semana, m\u00e1s de 90 m\u00fasicos en escena visitar\u00e1n San Lorenzo, Armstrong y Correa. La Orquesta Sinf\u00f3nica Provincial de Rosario, dependiente del Ministerio de Innovaci\u00f3n y Cultura, realizar\u00e1 desde este viernes y hasta el domingo una gira art\u00edstica por localidades de la provincia que la llevar\u00e1n a encontrarse con el p\u00fablico de <a href=\"https:\/\/armstrongyregion.com.ar\/diario\/la-orquesta-sinfonica-provincial-de-rosario-inicia-su-segunda-gira-del-ano\/\" title=\"Read more\" >&#8230;<\/a><\/p>\n","protected":false},"author":1,"featured_media":14375,"comment_status":"open","ping_status":"open","sticky":false,"template":"","format":"standard","meta":{"_jetpack_memberships_contains_paid_content":false,"footnotes":"","jetpack_publicize_message":"","jetpack_publicize_feature_enabled":true,"jetpack_social_post_already_shared":false,"jetpack_social_options":{"image_generator_settings":{"template":"highway","default_image_id":0,"enabled":false},"version":2}},"categories":[6,8,1,2,3],"tags":[5938],"class_list":["post-14603","post","type-post","status-publish","format-standard","has-post-thumbnail","hentry","category-cultura-entretenimiento","category-deliberando","category-diario-armstrong","category-locales","category-region","tag-la-orquesta-sinfonica-provincial-de-rosario-inicia-su-segunda-gira-del-ano"],"jetpack_publicize_connections":[],"jetpack_featured_media_url":"https:\/\/armstrongyregion.com.ar\/diario\/wp-content\/uploads\/2017\/09\/Sinf\u00f3nica-de-Rosario-1.jpg","jetpack_shortlink":"https:\/\/wp.me\/p62QDO-3Nx","jetpack_sharing_enabled":true,"amp_enabled":true,"_links":{"self":[{"href":"https:\/\/armstrongyregion.com.ar\/diario\/wp-json\/wp\/v2\/posts\/14603","targetHints":{"allow":["GET"]}}],"collection":[{"href":"https:\/\/armstrongyregion.com.ar\/diario\/wp-json\/wp\/v2\/posts"}],"about":[{"href":"https:\/\/armstrongyregion.com.ar\/diario\/wp-json\/wp\/v2\/types\/post"}],"author":[{"embeddable":true,"href":"https:\/\/armstrongyregion.com.ar\/diario\/wp-json\/wp\/v2\/users\/1"}],"replies":[{"embeddable":true,"href":"https:\/\/armstrongyregion.com.ar\/diario\/wp-json\/wp\/v2\/comments?post=14603"}],"version-history":[{"count":0,"href":"https:\/\/armstrongyregion.com.ar\/diario\/wp-json\/wp\/v2\/posts\/14603\/revisions"}],"wp:featuredmedia":[{"embeddable":true,"href":"https:\/\/armstrongyregion.com.ar\/diario\/wp-json\/wp\/v2\/media\/14375"}],"wp:attachment":[{"href":"https:\/\/armstrongyregion.com.ar\/diario\/wp-json\/wp\/v2\/media?parent=14603"}],"wp:term":[{"taxonomy":"category","embeddable":true,"href":"https:\/\/armstrongyregion.com.ar\/diario\/wp-json\/wp\/v2\/categories?post=14603"},{"taxonomy":"post_tag","embeddable":true,"href":"https:\/\/armstrongyregion.com.ar\/diario\/wp-json\/wp\/v2\/tags?post=14603"}],"curies":[{"name":"wp","href":"https:\/\/api.w.org\/{rel}","templated":true}]}}