{"id":14578,"date":"2017-09-20T20:45:25","date_gmt":"2017-09-20T20:45:25","guid":{"rendered":"https:\/\/armstrongyregion.com.ar\/diario\/?p=14578"},"modified":"2017-09-20T20:45:25","modified_gmt":"2017-09-20T20:45:25","slug":"alerta-por-vientos-fuertes-con-rafagas-para-la-region","status":"publish","type":"post","link":"https:\/\/armstrongyregion.com.ar\/diario\/alerta-por-vientos-fuertes-con-rafagas-para-la-region\/","title":{"rendered":"Alerta por vientos fuertes con r\u00e1fagas para la regi\u00f3n."},"content":{"rendered":"<p><a href=\"http:\/\/armstrongyregion.com.ar\/diario\/wp-content\/uploads\/2017\/09\/dia-ventoso-1.jpg\"><img loading=\"lazy\" decoding=\"async\" src=\"http:\/\/armstrongyregion.com.ar\/diario\/wp-content\/uploads\/2017\/09\/dia-ventoso-1.jpg\" alt=\"dia-ventoso-\" width=\"768\" height=\"511\" class=\"alignnone size-full wp-image-14579\" srcset=\"https:\/\/armstrongyregion.com.ar\/diario\/wp-content\/uploads\/2017\/09\/dia-ventoso-1.jpg 768w, https:\/\/armstrongyregion.com.ar\/diario\/wp-content\/uploads\/2017\/09\/dia-ventoso-1-300x200.jpg 300w\" sizes=\"auto, (max-width: 768px) 100vw, 768px\" \/><\/a>El Servicio Meteorol\u00f3gico indic\u00f3 que \u201cel pasaje de un frente fr\u00edo provocar\u00e1 una rotaci\u00f3n de los vientos al sector sur y una intensificaci\u00f3n de los mismos\u201d. El fen\u00f3meno ya comenz\u00f3 en el sur del pa\u00eds y este mi\u00e9rcoles lleg\u00f3 al centro y sur de Santa Fe.<\/p>\n<p>El fen\u00f3meno comenz\u00f3 este martes en La Pampa, el este de Mendoza, este de Neuqu\u00e9n, centro de R\u00edo Negro y el sur de San Luis.<\/p>\n<p>El parte meteorol\u00f3gico explica que contin\u00faa el mi\u00e9rcoles en el noroeste de la provincia de Buenos Aires, C\u00f3rdoba, este de La Rioja, sur y centro de Santa Fe.<\/p>\n<p>En \u00e1rea de cobertura se esperan vientos con velocidades entre 40 y 60 kil\u00f3metros por hora, con r\u00e1fagas.<\/p>\n","protected":false},"excerpt":{"rendered":"<p>El Servicio Meteorol\u00f3gico indic\u00f3 que \u201cel pasaje de un frente fr\u00edo provocar\u00e1 una rotaci\u00f3n de los vientos al sector sur y una intensificaci\u00f3n de los mismos\u201d. El fen\u00f3meno ya comenz\u00f3 en el sur del pa\u00eds y este mi\u00e9rcoles lleg\u00f3 al centro y sur de Santa Fe. El fen\u00f3meno comenz\u00f3 este martes en La Pampa, el <a href=\"https:\/\/armstrongyregion.com.ar\/diario\/alerta-por-vientos-fuertes-con-rafagas-para-la-region\/\" title=\"Read more\" >&#8230;<\/a><\/p>\n","protected":false},"author":1,"featured_media":14579,"comment_status":"open","ping_status":"open","sticky":false,"template":"","format":"standard","meta":{"_jetpack_memberships_contains_paid_content":false,"footnotes":"","jetpack_publicize_message":"","jetpack_publicize_feature_enabled":true,"jetpack_social_post_already_shared":false,"jetpack_social_options":{"image_generator_settings":{"template":"highway","default_image_id":0,"enabled":false},"version":2}},"categories":[1,2,3],"tags":[5933],"class_list":["post-14578","post","type-post","status-publish","format-standard","has-post-thumbnail","hentry","category-diario-armstrong","category-locales","category-region","tag-alerta-por-vientos-fuertes-con-rafagas-para-la-region"],"jetpack_publicize_connections":[],"jetpack_featured_media_url":"https:\/\/armstrongyregion.com.ar\/diario\/wp-content\/uploads\/2017\/09\/dia-ventoso-1.jpg","jetpack_shortlink":"https:\/\/wp.me\/p62QDO-3N8","jetpack_sharing_enabled":true,"amp_enabled":true,"_links":{"self":[{"href":"https:\/\/armstrongyregion.com.ar\/diario\/wp-json\/wp\/v2\/posts\/14578","targetHints":{"allow":["GET"]}}],"collection":[{"href":"https:\/\/armstrongyregion.com.ar\/diario\/wp-json\/wp\/v2\/posts"}],"about":[{"href":"https:\/\/armstrongyregion.com.ar\/diario\/wp-json\/wp\/v2\/types\/post"}],"author":[{"embeddable":true,"href":"https:\/\/armstrongyregion.com.ar\/diario\/wp-json\/wp\/v2\/users\/1"}],"replies":[{"embeddable":true,"href":"https:\/\/armstrongyregion.com.ar\/diario\/wp-json\/wp\/v2\/comments?post=14578"}],"version-history":[{"count":0,"href":"https:\/\/armstrongyregion.com.ar\/diario\/wp-json\/wp\/v2\/posts\/14578\/revisions"}],"wp:featuredmedia":[{"embeddable":true,"href":"https:\/\/armstrongyregion.com.ar\/diario\/wp-json\/wp\/v2\/media\/14579"}],"wp:attachment":[{"href":"https:\/\/armstrongyregion.com.ar\/diario\/wp-json\/wp\/v2\/media?parent=14578"}],"wp:term":[{"taxonomy":"category","embeddable":true,"href":"https:\/\/armstrongyregion.com.ar\/diario\/wp-json\/wp\/v2\/categories?post=14578"},{"taxonomy":"post_tag","embeddable":true,"href":"https:\/\/armstrongyregion.com.ar\/diario\/wp-json\/wp\/v2\/tags?post=14578"}],"curies":[{"name":"wp","href":"https:\/\/api.w.org\/{rel}","templated":true}]}}