{"id":14570,"date":"2017-09-20T15:33:02","date_gmt":"2017-09-20T15:33:02","guid":{"rendered":"https:\/\/armstrongyregion.com.ar\/diario\/?p=14570"},"modified":"2017-09-20T15:33:02","modified_gmt":"2017-09-20T15:33:02","slug":"el-pte-de-la-camara-de-diputados-visito-la-biblioteca-popular-sarmiento","status":"publish","type":"post","link":"https:\/\/armstrongyregion.com.ar\/diario\/el-pte-de-la-camara-de-diputados-visito-la-biblioteca-popular-sarmiento\/","title":{"rendered":"El Pte de la C\u00e1mara de Diputados visit\u00f3 la Biblioteca Popular Sarmiento."},"content":{"rendered":"<p><a href=\"http:\/\/armstrongyregion.com.ar\/diario\/wp-content\/uploads\/2017\/09\/Antonio-Bonfatti-.jpg\"><img loading=\"lazy\" decoding=\"async\" src=\"http:\/\/armstrongyregion.com.ar\/diario\/wp-content\/uploads\/2017\/09\/Antonio-Bonfatti-.jpg\" alt=\"Antonio- Bonfatti-\" width=\"768\" height=\"509\" class=\"alignnone size-full wp-image-14571\" srcset=\"https:\/\/armstrongyregion.com.ar\/diario\/wp-content\/uploads\/2017\/09\/Antonio-Bonfatti-.jpg 768w, https:\/\/armstrongyregion.com.ar\/diario\/wp-content\/uploads\/2017\/09\/Antonio-Bonfatti--300x199.jpg 300w\" sizes=\"auto, (max-width: 768px) 100vw, 768px\" \/><\/a>El Dr. Antonio Bonfatti, junto al Diputado Miguel Sol\u00eds y referentes del F.P.C.yS de nuestra localidad estuvieron visitando y contemplando los avances del SUM de la biblioteca.<br \/>\nBonfatti mencion\u00f3 que conoc\u00eda y quer\u00eda a dicha instituci\u00f3n a trav\u00e9s de sus directivos. \u201cSolo quiero resaltar el trabajo de esta gente que hace tanto por nuestra cultura\u201d.<br \/>\nLuego a\u00f1adi\u00f3: \u201cEsta biblioteca va a perdurar a pesar de internet y estas nuevas tecnolog\u00edas, observo que ac\u00e1 hay muchos chicos que vienen a hacer sus tareas, vienen a leer y a buscar libros, este espacio es muy nuevo, bell\u00edsimo, donde se puede utilizar para diversas disciplinas. Hay que sostener y apoyar este tipo de emprendimientos, ya que los costos son muy altos, tiene que haber una conjugaci\u00f3n entre lo p\u00fablico y lo privado tenemos que resaltar los lazos de confraternidad y convivencia que tenemos que destacar y enfatizar permanentemente\u201d.<br \/>\nPor su parte el Diputado Miguel Sol\u00eds dijo: \u201cHemos venido acompa\u00f1ando los avances de esta biblioteca desde un primer momento, ahora celebramos ya que est\u00e1n a punto de cumplir su sue\u00f1o el SUM propio que se inaugurara muy pronto el pr\u00f3ximo 13 de octubre. Este lugar ser\u00e1 muy importante para la ciudad de Armstrong que seguramente los ciudadanos le dar\u00e1n una utilidad significativa y la disfrutaran como realmente amerita\u201d<\/p>\n","protected":false},"excerpt":{"rendered":"<p>El Dr. Antonio Bonfatti, junto al Diputado Miguel Sol\u00eds y referentes del F.P.C.yS de nuestra localidad estuvieron visitando y contemplando los avances del SUM de la biblioteca. Bonfatti mencion\u00f3 que conoc\u00eda y quer\u00eda a dicha instituci\u00f3n a trav\u00e9s de sus directivos. \u201cSolo quiero resaltar el trabajo de esta gente que hace tanto por nuestra cultura\u201d. <a href=\"https:\/\/armstrongyregion.com.ar\/diario\/el-pte-de-la-camara-de-diputados-visito-la-biblioteca-popular-sarmiento\/\" title=\"Read more\" >&#8230;<\/a><\/p>\n","protected":false},"author":1,"featured_media":14571,"comment_status":"open","ping_status":"open","sticky":false,"template":"","format":"standard","meta":{"_jetpack_memberships_contains_paid_content":false,"footnotes":"","jetpack_publicize_message":"","jetpack_publicize_feature_enabled":true,"jetpack_social_post_already_shared":false,"jetpack_social_options":{"image_generator_settings":{"template":"highway","default_image_id":0,"enabled":false},"version":2}},"categories":[1,2,7,3],"tags":[5930],"class_list":["post-14570","post","type-post","status-publish","format-standard","has-post-thumbnail","hentry","category-diario-armstrong","category-locales","category-politica","category-region","tag-el-pte-de-la-camara-de-diputados-visito-la-biblioteca-popular-sarmiento"],"jetpack_publicize_connections":[],"jetpack_featured_media_url":"https:\/\/armstrongyregion.com.ar\/diario\/wp-content\/uploads\/2017\/09\/Antonio-Bonfatti-.jpg","jetpack_shortlink":"https:\/\/wp.me\/p62QDO-3N0","jetpack_sharing_enabled":true,"amp_enabled":true,"_links":{"self":[{"href":"https:\/\/armstrongyregion.com.ar\/diario\/wp-json\/wp\/v2\/posts\/14570","targetHints":{"allow":["GET"]}}],"collection":[{"href":"https:\/\/armstrongyregion.com.ar\/diario\/wp-json\/wp\/v2\/posts"}],"about":[{"href":"https:\/\/armstrongyregion.com.ar\/diario\/wp-json\/wp\/v2\/types\/post"}],"author":[{"embeddable":true,"href":"https:\/\/armstrongyregion.com.ar\/diario\/wp-json\/wp\/v2\/users\/1"}],"replies":[{"embeddable":true,"href":"https:\/\/armstrongyregion.com.ar\/diario\/wp-json\/wp\/v2\/comments?post=14570"}],"version-history":[{"count":0,"href":"https:\/\/armstrongyregion.com.ar\/diario\/wp-json\/wp\/v2\/posts\/14570\/revisions"}],"wp:featuredmedia":[{"embeddable":true,"href":"https:\/\/armstrongyregion.com.ar\/diario\/wp-json\/wp\/v2\/media\/14571"}],"wp:attachment":[{"href":"https:\/\/armstrongyregion.com.ar\/diario\/wp-json\/wp\/v2\/media?parent=14570"}],"wp:term":[{"taxonomy":"category","embeddable":true,"href":"https:\/\/armstrongyregion.com.ar\/diario\/wp-json\/wp\/v2\/categories?post=14570"},{"taxonomy":"post_tag","embeddable":true,"href":"https:\/\/armstrongyregion.com.ar\/diario\/wp-json\/wp\/v2\/tags?post=14570"}],"curies":[{"name":"wp","href":"https:\/\/api.w.org\/{rel}","templated":true}]}}